{"id":3584,"date":"2025-04-16T17:23:21","date_gmt":"2025-04-16T15:23:21","guid":{"rendered":"https:\/\/www.experta.com.ar\/index.php\/2025\/04\/16\/empatia-organizacional\/"},"modified":"2025-04-16T17:23:21","modified_gmt":"2025-04-16T15:23:21","slug":"empatia-organizacional","status":"publish","type":"post","link":"https:\/\/www.experta.com.ar\/index.php\/empatia-organizacional\/","title":{"rendered":"EMPAT\u00cdA ORGANIZACIONAL"},"content":{"rendered":"<p><span style=\"font-weight: 400;\">Hace tiempo que la palabra empat\u00eda est\u00e1 en nuestra boca, \u00bfpero est\u00e1 en las acciones que llevamos a diario? <\/span><b>La <\/b><b>empat\u00eda<\/b><b> es una de las principales cualidades de la inteligencia emocional <\/b><span style=\"font-weight: 400;\">y poder desarrollarla permite consolidar y construir <\/span><span style=\"font-weight: 400;\">relaciones<\/span><span style=\"font-weight: 400;\"> interpersonales s\u00f3lidas. <\/span><b>Cuando este concepto se traslada al \u00e1mbito de las empresas hablamos de \u201cempat\u00eda organizacional\u201d<\/b><span style=\"font-weight: 400;\">. Como explica Melina Jajamovich, speaker internacional, LinkedIn TopVoices, autora de los libros \u2018Reflexiones de un a\u00f1o trabajando en Pantuflas\u2019 y \u201cAgilidad en 4 estaciones\u201d, coach en Risoom y referente en agilidad en todo Latinoam\u00e9rica, <\/span><b>la <\/b><b>empat\u00eda<\/b><b> organizacional es la base de espacios de trabajo m\u00e1s humanos. Es tratar a las otras personas de la <\/b><b>organizaci\u00f3n<\/b><b> con inter\u00e9s genuino y respeto; con escucha atenta y profunda y buscando la comprensi\u00f3n mutua<\/b><span style=\"font-weight: 400;\">. Y, adem\u00e1s, <\/span><b>garantizando que esto ocurra de manera 360<\/b><span style=\"font-weight: 400;\">. \u00bfQu\u00e9 quiere decir 360? Que se d\u00e9 <\/span><b>con todas las personas independientemente de su status, \u00e1rea o antig\u00fcedad<\/b><span style=\"font-weight: 400;\">. \u201c<\/span><b><i>Donde hay empat\u00eda, no hay recursos. Y trabajamos y vivimos mejor cuando somos tratados como humanos<\/i><\/b><i><span style=\"font-weight: 400;\">\u201d, <\/span><\/i><span style=\"font-weight: 400;\">explica la especialista.\u00a0<\/span><\/p>\n<p><span style=\"font-weight: 400;\">Sin duda, es un concepto clave para trabajar en \u00e9pocas de <\/span><span style=\"font-weight: 400;\">IA<\/span><span style=\"font-weight: 400;\"> y <\/span><span style=\"font-weight: 400;\">tecnolog\u00eda<\/span><span style=\"font-weight: 400;\"> donde, a veces, las organizaciones parecen olvidar lo m\u00e1s preciado que tienen: LAS PERSONAS.<\/span><\/p>\n<hr style=\"border: solid 1px #727272;\" \/>\n<p><b>\u00bfPOR QU\u00c9 ES IMPORTANTE?<\/b><b>\u00a0<\/b><\/p>\n<p><span style=\"font-weight: 400;\">Seg\u00fan explica Jajamovich, desarrollar empat\u00eda organizacional es clave porque <\/span><b>hemos trabajado mucho con la empat\u00eda en el metro cuadrado o a la redonda, pero no en la escala.<\/b><span style=\"font-weight: 400;\"> Y, <\/span><b>sin embargo, el poder de la organizaci\u00f3n radica en la escala. \u201c<\/b><b><i>La organizaci\u00f3n es m\u00e1s que la suma de los equipos y si no hay empat\u00eda 360, los conflictos y las fricciones se multiplican y la falta de acuerdos nos frustran a todos. Se da\u00f1an las relaciones, la motivaci\u00f3n de los colaboradores y los resultados<\/i><\/b><b>\u201d<\/b><span style=\"font-weight: 400;\">,<\/span> <span style=\"font-weight: 400;\">explica.<\/span><\/p>\n<p><span style=\"font-weight: 400;\">Adem\u00e1s, la empat\u00eda organizacional genera grandes beneficios y oportunidades. \u201c<\/span><b><i>Donde hay empat\u00eda organizacional hay inclusi\u00f3n, la diversidad es real (y no un discurso), la creatividad y la innovaci\u00f3n tienen las puertas abiertas<\/i><\/b><i><span style=\"font-weight: 400;\">. La empat\u00eda organizacional permite que las crisis no sean motores de enfrentamiento y buscar culpables, sino momentos para salir adelante juntos<\/span><\/i><span style=\"font-weight: 400;\">\u201d, argumenta.<\/span><\/p>\n<hr style=\"border: solid 1px #727272;\" \/>\n<p><b>POR ORGANIZACIONES M\u00c1S HUMANAS<\/b><\/p>\n<p><span style=\"font-weight: 400;\">\u00bfC\u00f3mo fomentar la empat\u00eda en la empresa?<\/span><span style=\"font-weight: 400;\"> \u00bfC\u00f3mo contribuir para lograr organizaciones m\u00e1s emp\u00e1ticas? La especialista comparte algunas sugerencias:<\/span><\/p>\n<ul>\n<li style=\"font-weight: 400;\" aria-level=\"1\"><b>Ponernos la camiseta<\/b><span style=\"font-weight: 400;\">. Debemos recordar que la organizaci\u00f3n es una sola camiseta y no una por \u00e1rea. Todos jugamos en el mismo equipo y nos necesitamos mutuamente para \u201cganar el mundial\u201d.<\/span><\/li>\n<li style=\"font-weight: 400;\" aria-level=\"1\"><b>Bajar un cambio<\/b><span style=\"font-weight: 400;\">. No hay empat\u00eda cuando corremos y, por lo tanto, el primer paso es bajar el ritmo para poder conectar con uno mismo y con los otros. Para lograrlo habr\u00e1 que cultivar el \u201cmenos es m\u00e1s\u201d; salir de la voracidad de las agendas estalladas.<\/span><\/li>\n<li style=\"font-weight: 400;\" aria-level=\"1\"><b>Hacer m\u00e1s \u201c<\/b><b><i>tindering\u201d<\/i><\/b><b>.<\/b><span style=\"font-weight: 400;\"> Conocernos m\u00e1s a trav\u00e9s de espacios de <\/span><i><span style=\"font-weight: 400;\">speed-networking (conexiones cortas)<\/span><\/i><span style=\"font-weight: 400;\">, crear \u201cvisitas\u201d de un \u00e1rea a la otra, apostar a proyectos <\/span><i><span style=\"font-weight: 400;\">cross <\/span><\/i><span style=\"font-weight: 400;\">conjuntos donde veamos el valor de trabajar juntos y hacer mentoreo cruzado entre profesionales.<\/span><\/li>\n<li style=\"font-weight: 400;\" aria-level=\"1\"><b>Recordar que es un proceso<\/b><span style=\"font-weight: 400;\">. La empat\u00eda no se construye de la noche a la ma\u00f1ana, requiere esfuerzo y constancia. \u201c<\/span><i><span style=\"font-weight: 400;\">Si<\/span><\/i> <i><span style=\"font-weight: 400;\">esperamos a que todos sean emp\u00e1ticos organizacionales, \u00a1estamos muertos! Y si nos enojamos\u2026 \u00a1peor a\u00fan! Es hora de dar el ejemplo, poner nuestro granito de arena y construir organizaciones 360<\/span><\/i><span style=\"font-weight: 400;\">\u201d, concluye.<\/span><\/li>\n<\/ul>\n<p><span style=\"font-weight: 400;\">Trabajar la empat\u00eda en el \u00e1mbito organizacional se va a traducir en <\/span><span style=\"font-weight: 400;\">bienestar<\/span><span style=\"font-weight: 400;\"> para todos. Tener un <\/span><span style=\"font-weight: 400;\">liderazgo<\/span><span style=\"font-weight: 400;\"> emp\u00e1tico que se baja en escala a toda la organizaci\u00f3n, tiene que ser parte de la cultura de la empresa.<\/span><\/p>\n<p><span style=\"font-weight: 400;\">M\u00e1s informaci\u00f3n en <\/span><a href=\"https:\/\/melinajajamovich.com\/\" target=\"_blank\" rel=\"noopener\"><span style=\"font-weight: 400;\">https:\/\/melinajajamovich.com\/<\/span><\/a><\/p>\n","protected":false},"excerpt":{"rendered":"<p>Hace tiempo que la palabra empat\u00eda est\u00e1 en nuestra boca, \u00bfpero est\u00e1 en las acciones que llevamos a diario? La empat\u00eda es una de las principales cualidades de la inteligencia emocional y poder desarrollarla permite consolidar y construir relaciones interpersonales s\u00f3lidas. Cuando este concepto se traslada al \u00e1mbito de las empresas hablamos de \u201cempat\u00eda organizacional\u201d. [&hellip;]<\/p>\n","protected":false},"author":1,"featured_media":3585,"comment_status":"open","ping_status":"open","sticky":false,"template":"","format":"standard","meta":{"_acf_changed":false,"footnotes":""},"categories":[11],"tags":[],"class_list":["post-3584","post","type-post","status-publish","format-standard","has-post-thumbnail","hentry","category-cerca-de-tu-negocio"],"acf":[],"_links":{"self":[{"href":"https:\/\/www.experta.com.ar\/index.php\/wp-json\/wp\/v2\/posts\/3584","targetHints":{"allow":["GET"]}}],"collection":[{"href":"https:\/\/www.experta.com.ar\/index.php\/wp-json\/wp\/v2\/posts"}],"about":[{"href":"https:\/\/www.experta.com.ar\/index.php\/wp-json\/wp\/v2\/types\/post"}],"author":[{"embeddable":true,"href":"https:\/\/www.experta.com.ar\/index.php\/wp-json\/wp\/v2\/users\/1"}],"replies":[{"embeddable":true,"href":"https:\/\/www.experta.com.ar\/index.php\/wp-json\/wp\/v2\/comments?post=3584"}],"version-history":[{"count":0,"href":"https:\/\/www.experta.com.ar\/index.php\/wp-json\/wp\/v2\/posts\/3584\/revisions"}],"wp:featuredmedia":[{"embeddable":true,"href":"https:\/\/www.experta.com.ar\/index.php\/wp-json\/wp\/v2\/media\/3585"}],"wp:attachment":[{"href":"https:\/\/www.experta.com.ar\/index.php\/wp-json\/wp\/v2\/media?parent=3584"}],"wp:term":[{"taxonomy":"category","embeddable":true,"href":"https:\/\/www.experta.com.ar\/index.php\/wp-json\/wp\/v2\/categories?post=3584"},{"taxonomy":"post_tag","embeddable":true,"href":"https:\/\/www.experta.com.ar\/index.php\/wp-json\/wp\/v2\/tags?post=3584"}],"curies":[{"name":"wp","href":"https:\/\/api.w.org\/{rel}","templated":true}]}}