{"id":3566,"date":"2025-03-21T01:55:39","date_gmt":"2025-03-21T00:55:39","guid":{"rendered":"https:\/\/www.experta.com.ar\/index.php\/2025\/03\/21\/gestion-de-las-personas\/"},"modified":"2025-03-21T01:55:39","modified_gmt":"2025-03-21T00:55:39","slug":"gestion-de-las-personas","status":"publish","type":"post","link":"https:\/\/www.experta.com.ar\/index.php\/gestion-de-las-personas\/","title":{"rendered":"GESTI\u00d3N DE LAS PERSONAS"},"content":{"rendered":"<p><span style=\"font-weight: 400;\">Las personas hoy y siempre hicieron a las organizaciones. Sin recursos humanos no hay empresa posible. Son el capital m\u00e1s valioso e importante. Por lo tanto, <\/span><b>es mandatorio tener una gesti\u00f3n de calidad que acompa\u00f1e los cambios y la evoluci\u00f3n de los talentos<\/b><span style=\"font-weight: 400;\">. Hoy las personas y los modelos de trabajo cambiaron y las necesidades son diversas. \u00bfCu\u00e1les son las claves de esta \u00e9poca en la gesti\u00f3n de Recursos Humanos? Como explica Cecilia Rodr\u00edguez Casey, licenciada en Psicolog\u00eda y directora de la consultora Rodr\u00edguez Casey &amp; Asociados, <\/span><b>hoy la gesti\u00f3n de Recursos Humanos est\u00e1 m\u00e1s ligada a lo que se denomina \u201cCapital Humano\u201d o \u201cGesti\u00f3n de personas\u201d y ha cambiado su enfoque en los \u00faltimos a\u00f1os<\/b><span style=\"font-weight: 400;\">. \u201c<\/span><i><span style=\"font-weight: 400;\">El paulatino cambio de nombre, que en sus comienzos era oficina de personal para pasar a llamarse recursos humanos y finalmente ir dejando tambi\u00e9n esa denominaci\u00f3n atr\u00e1s, obedece a un cambio de paradigma que de a poco se va haciendo notar. <\/span><\/i><b><i>Una de las claves hoy est\u00e1 vinculada al <\/i><\/b><b><i>bienestar<\/i><\/b><b><i> organizacional<\/i><\/b><i><span style=\"font-weight: 400;\">. <\/span><\/i><b><i>Ya no es suficiente manejar los salarios, la <\/i><\/b><b><i>capacitaci\u00f3n<\/i><\/b><b><i> y selecci\u00f3n del personal, sino que se hace imperioso brindar herramientas para generar climas de trabajo m\u00e1s humanos, sostenidos por pol\u00edticas coherentes con<\/i><\/b><i><span style=\"font-weight: 400;\"> lo que se pregona en los sitios webs o en la carteler\u00eda respecto a <\/span><\/i><b><i>la visi\u00f3n, misi\u00f3n y valores<\/i><\/b><i><span style=\"font-weight: 400;\">. <\/span><\/i><b><i>Los colaboradores esperan que el \u00e1rea d\u00e9 respuestas a su necesidad de desarrollo, a su b\u00fasqueda de equilibrio entre la vida personal y laboral, a su deseo de ser reconocido y apreciado en un entorno que respete su singularidad<\/i><\/b><i><span style=\"font-weight: 400;\">. Para ello, es necesaria una reconversi\u00f3n y mucha formaci\u00f3n en temas que antes eran ajenos o secundarios a recursos humanos<\/span><\/i><span style=\"font-weight: 400;\">\u201d, detalla y argumenta la especialista.<\/span><\/p>\n<hr style=\"border: solid 1px #727272;\" \/>\n<p><b>EL PAPEL DE LA EMPRESA<\/b><\/p>\n<p><span style=\"font-weight: 400;\">\u00bfC\u00f3mo responden las organizaciones a estas nuevas demandas? \u00bfQu\u00e9 deben hacer las empresas? Para Casey es importante <\/span><b>darles lugar a las recomendaciones de los especialistas en neurociencias y en psicolog\u00eda positiva, y entender que la inversi\u00f3n en las personas volver\u00e1 al negocio quiz\u00e1s no en el corto plazo, pero s\u00ed en imagen corporativa y marca empleadora<\/b><span style=\"font-weight: 400;\">. Un punto crucial ser\u00e1 medir los avances para que eso realimente el entusiasmo de trabajar con mirada en el mediano plazo.\u00a0<\/span><\/p>\n<p><span style=\"font-weight: 400;\">Por otro lado, <\/span><b>debemos ser conscientes de que para algunos cambios de enfoque se necesita un cambio cultural profundo y eso requiere paciencia y mucho profesionalismo<\/b><span style=\"font-weight: 400;\">. \u201c<\/span><b><i>La direcci\u00f3n de la empresa deber\u00e1 apoyar y brindar \u2018recursos\u2019 al departamento de Recursos Humanos para que pueda hacer bien su trabajo<\/i><\/b><i><span style=\"font-weight: 400;\">. No podemos pretender grandes resultados si el \u00e1rea es poco tenida en cuenta; es decir, si no se sienta en la mesa chica de las principales decisiones. No es cuesti\u00f3n de tapar agujeros sino de planear desde adentro, desde las bases, enfoques centrados realmente en las personas como filosof\u00eda de trabajo<\/span><\/i><span style=\"font-weight: 400;\">\u201d, explica. <\/span><\/p>\n<hr style=\"border: solid 1px #727272;\" \/>\n<p><b>LA SITUACI\u00d3N ACTUAL<\/b><\/p>\n<p><span style=\"font-weight: 400;\">\u00bfCu\u00e1les son los nuevos modelos de trabajo? \u00bfC\u00f3mo adaptarse a los nuevos modelos de trabajo?<\/span><span style=\"font-weight: 400;\"> Hoy <\/span><b>hay nuevos modelos de trabajos, nuevas formas y necesidades que hacen importante que el \u00e1rea de gesti\u00f3n de las personas acompa\u00f1e este cambio<\/b><span style=\"font-weight: 400;\">. \u00bfQu\u00e9 tener en cuenta? Para Casey, <\/span><b>los nuevos modelos de trabajo<\/b><span style=\"font-weight: 400;\">, por ejemplo, aquellos 100% remotos o de formato h\u00edbrido, o incluso tener varios jefes y en diferentes pa\u00edses \u2013con todo lo que eso implica\u2013 <\/span><b>hace indispensable que el \u00e1rea de recursos humanos facilite el camino para que estos cambios contextuales que afectan al trabajo no interfieran en el desempe\u00f1o, en el <\/b><b>bienestar<\/b><b> ni en los resultados del negocio<\/b><span style=\"font-weight: 400;\">. \u201c<\/span><i><span style=\"font-weight: 400;\">Es necesario realizar ajustes, estudiar lo que s\u00ed funciona, descartar viejas pol\u00edticas que no se ajustan a los tiempos actuales, comprender las nuevas necesidades de la gente, la expectativa y mirada de cada generaci\u00f3n y la <\/span><\/i><i><span style=\"font-weight: 400;\">cultura,<\/span><\/i><i><span style=\"font-weight: 400;\"> que hoy es muy diversa. <\/span><\/i><b><i>La formaci\u00f3n del profesional del \u00e1rea hoy debe ser mucho m\u00e1s generalista y abarcar temas que no estaban en la curr\u00edcula, como las neurociencias, psicolog\u00eda positiva, coaching, an\u00e1lisis sociol\u00f3gico de la organizaci\u00f3n, novedades en t\u00e9rminos de <\/i><\/b><b><i>bienestar,<\/i><\/b><b><i> inteligencia artificial, competencias digitales<\/i><\/b><i><span style=\"font-weight: 400;\">, entre otros<\/span><\/i><span style=\"font-weight: 400;\">\u201d, concluye.<\/span><\/p>\n","protected":false},"excerpt":{"rendered":"<p>Las personas hoy y siempre hicieron a las organizaciones. Sin recursos humanos no hay empresa posible. Son el capital m\u00e1s valioso e importante. Por lo tanto, es mandatorio tener una gesti\u00f3n de calidad que acompa\u00f1e los cambios y la evoluci\u00f3n de los talentos. Hoy las personas y los modelos de trabajo cambiaron y las necesidades [&hellip;]<\/p>\n","protected":false},"author":1,"featured_media":3567,"comment_status":"open","ping_status":"open","sticky":false,"template":"","format":"standard","meta":{"_acf_changed":false,"footnotes":""},"categories":[11],"tags":[],"class_list":["post-3566","post","type-post","status-publish","format-standard","has-post-thumbnail","hentry","category-cerca-de-tu-negocio"],"acf":[],"_links":{"self":[{"href":"https:\/\/www.experta.com.ar\/index.php\/wp-json\/wp\/v2\/posts\/3566","targetHints":{"allow":["GET"]}}],"collection":[{"href":"https:\/\/www.experta.com.ar\/index.php\/wp-json\/wp\/v2\/posts"}],"about":[{"href":"https:\/\/www.experta.com.ar\/index.php\/wp-json\/wp\/v2\/types\/post"}],"author":[{"embeddable":true,"href":"https:\/\/www.experta.com.ar\/index.php\/wp-json\/wp\/v2\/users\/1"}],"replies":[{"embeddable":true,"href":"https:\/\/www.experta.com.ar\/index.php\/wp-json\/wp\/v2\/comments?post=3566"}],"version-history":[{"count":0,"href":"https:\/\/www.experta.com.ar\/index.php\/wp-json\/wp\/v2\/posts\/3566\/revisions"}],"wp:featuredmedia":[{"embeddable":true,"href":"https:\/\/www.experta.com.ar\/index.php\/wp-json\/wp\/v2\/media\/3567"}],"wp:attachment":[{"href":"https:\/\/www.experta.com.ar\/index.php\/wp-json\/wp\/v2\/media?parent=3566"}],"wp:term":[{"taxonomy":"category","embeddable":true,"href":"https:\/\/www.experta.com.ar\/index.php\/wp-json\/wp\/v2\/categories?post=3566"},{"taxonomy":"post_tag","embeddable":true,"href":"https:\/\/www.experta.com.ar\/index.php\/wp-json\/wp\/v2\/tags?post=3566"}],"curies":[{"name":"wp","href":"https:\/\/api.w.org\/{rel}","templated":true}]}}