{"id":3485,"date":"2024-12-23T13:40:36","date_gmt":"2024-12-23T12:40:36","guid":{"rendered":"https:\/\/www.experta.com.ar\/index.php\/2024\/12\/23\/ansiedad-antes-del-descanso\/"},"modified":"2024-12-23T13:40:36","modified_gmt":"2024-12-23T12:40:36","slug":"ansiedad-antes-del-descanso","status":"publish","type":"post","link":"https:\/\/www.experta.com.ar\/index.php\/ansiedad-antes-del-descanso\/","title":{"rendered":"ANSIEDAD ANTES DEL DESCANSO"},"content":{"rendered":"<p><span style=\"font-weight: 400;\">Estamos en la \u00e9poca previa al descanso para la mayor\u00eda de las personas y esto nos genera ansiedad. \u00bfPor qu\u00e9? Porque <\/span><b>muchas veces ese descanso no llega en el momento que deseamos o porque sentimos que no es suficiente o simplemente porque son tantas las cosas que tenemos que dejar listas que, en vez de disfrute, ese tiempo se convierte en ansiedad previa<\/b><span style=\"font-weight: 400;\">. Si bien es un momento muy esperado por todos porque ofrece la oportunidad de relajarse y alejarse de las presiones laborales, en muchas personas esa transici\u00f3n puede generar un gran estr\u00e9s y ansiedad. <\/span><span style=\"font-weight: 400;\">\u00bfEs normal sentir ansiedad antes de las vacaciones?<\/span> <span style=\"font-weight: 400;\">\u00bfC\u00f3mo bajar la ansiedad antes de un viaje?<\/span><span style=\"font-weight: 400;\"> \u00bfC\u00f3mo hacer para que no se apodere de nosotros? Como explica Maximiliano Bon, psicoanalista de la Instituci\u00f3n Fernando Ulloa, <\/span><b>si bien podemos pensar a las vacaciones como sin\u00f3nimo de placer, descanso, desconexi\u00f3n con la rutina y dem\u00e1s, en muchas personas planificar esta irrupci\u00f3n temporal en la rutina diaria puede generar altos niveles de estr\u00e9s y ansiedad<\/b><span style=\"font-weight: 400;\">. Y comparte algunas preocupaciones frecuentes que observa en las consultas que pueden disparar esta ansiedad previa y con las cuales podemos quiz\u00e1s identificarnos\u2026<\/span><\/p>\n<p><i><span style=\"font-weight: 400;\">-\u201cNo s\u00e9 a d\u00f3nde vamos a ir; no nos alcanza el dinero con el cual contamos\u201d.<\/span><\/i><\/p>\n<p><i><span style=\"font-weight: 400;\">-\u201c\u00bfCon qui\u00e9n dejamos a los perros?\u00bfQui\u00e9n nos va a cuidar la casa?\u201d.<\/span><\/i><\/p>\n<p><i><span style=\"font-weight: 400;\">-\u201cVayamos a un lugar donde los chicos no se aburran y tengan al alcance muchos lugares de esparcimiento por si llueve\u201d.\u00a0<\/span><\/i><\/p>\n<p><i><span style=\"font-weight: 400;\">-\u201cEn el trabajo debo dejar todo terminado y organizado, no hay nadie que me reemplace en mi puesto. Encima cuando regrese voy a estar desbordado\/a con cosas que se van a juntar en mi ausencia\u201d.\u00a0<\/span><\/i><\/p>\n<p><span style=\"font-weight: 400;\">\u00a0\u201c<\/span><i><span style=\"font-weight: 400;\">La cl\u00ednica me ha demostrado que <\/span><\/i><b><i>una persona que no ha podido planificar su d\u00eda a d\u00eda, donde la rutina fue abrumadora todo el a\u00f1o, es muy poco probable que se permita hacer un corte vacacional a favor del disfrute dejando atr\u00e1s las preocupaciones que habitaron durante todo el ciclo lectivo<\/i><\/b><i><span style=\"font-weight: 400;\">. <\/span><\/i><b><i>Trasladarse a un lugar f\u00edsico distinto y no trabajar por unos d\u00edas, no necesariamente implica unas verdaderas vacaciones porque el equipaje que m\u00e1s pesa son todas las preocupaciones\u201d, <\/i>explica Bon<\/b><i><span style=\"font-weight: 400;\"> y <\/span><\/i><span style=\"font-weight: 400;\">asegura que esto <\/span><b>grafica como nos cuesta salir de nuestra zona de confort y nuestra imperiosa necesidad de querer controlarlo todo<\/b><span style=\"font-weight: 400;\">. Es tal autoexigencia y los pensamientos distorsionados que los niveles de estr\u00e9s y ansiedad van ascendiendo de manera inconmensurable<\/span><i><span style=\"font-weight: 400;\">. \u201cNo solo puede generar un malestar subjetivo, tambi\u00e9n puede alterar la esfera f\u00edsica con trastornos en el sue\u00f1o, enfermedades psicosom\u00e1ticas, desgano, falta de apetito o comer en exceso, etc. <\/span><\/i><b><i>Muchos psic\u00f3logos le llaman a este padecimiento \u00b4S\u00edndrome Prevacacional\u2019<\/i><\/b><span style=\"font-weight: 400;\"> \u201c, argumenta.<\/span><\/p>\n<hr style=\"border: solid 1px #727272;\" \/>\n<p><b>CAMBIAR EL CHIP<\/b><\/p>\n<p><span style=\"font-weight: 400;\">\u00bfQu\u00e9 estrategias podemos llevar adelante para no caer en esta situaci\u00f3n? Para el especialista, <\/span><b>una buena alternativa es pensar la situaci\u00f3n en t\u00e9rminos de costo\/beneficios<\/b><span style=\"font-weight: 400;\">. Esta es una <\/span><b>t\u00e9cnica que permite aumentar la motivaci\u00f3n, tener las ideas m\u00e1s claras y que los resultados sean una decisi\u00f3n basada en objetivos y no desde la incertidumbre<\/b><span style=\"font-weight: 400;\">. Cuando se arma un plan vacacional es necesario tomarse el tiempo para pensar donde queremos ir e incluir todas las cuestiones que nos pueden generar alg\u00fan tipo de malestar, para poder pensar qu\u00e9 beneficios obtenemos en relaci\u00f3n con nuestras elecciones. Es esencial preguntarse: \u201c\u00bfCu\u00e1nto estamos dispuestos ceder?\u201d \u201c\u00bfY qu\u00e9 ganamos con esto?\u201d. <\/span><b>Cuando los objetivos incluyen a aquello que tenemos que flexibilizar, es cuando la ansiedad baja y pueden aparecer otros pensamientos e ideas alternativas.<\/b><\/p>\n<hr style=\"border: solid 1px #727272;\" \/>\n<p><b>BATER\u00cdA RECARGADA<\/b><\/p>\n<p><b>\u00bfC\u00f3mo aprovechar las vacaciones para recargar energ\u00eda y bajar los niveles de ansiedad?\u00a0<\/b><\/p>\n<p><span style=\"font-weight: 400;\">Bon comparte algunas herramientas que pueden ayudar:<\/span><\/p>\n<ul>\n<li style=\"font-weight: 400;\" aria-level=\"1\"><span style=\"font-weight: 400;\">Es esencial poder <\/span><b>hacer un corte con aquellas cosas que pueden generar una preocupaci\u00f3n, por ejemplo, el uso del celular<\/b><span style=\"font-weight: 400;\">. Es aconsejable silenciar o suspender las notificaciones.\u00a0<\/span><\/li>\n<li style=\"font-weight: 400;\" aria-level=\"1\"><b>No ponerse horarios fijos<\/b><span style=\"font-weight: 400;\">.<\/span><\/li>\n<li style=\"font-weight: 400;\" aria-level=\"1\"><span style=\"font-weight: 400;\">Cuando aparezca el pensamiento de que se est\u00e1 perdiendo el tiempo por no haber ido a tal lugar<\/span>,<b> intentar pensar que no todo es posible<\/b><span style=\"font-weight: 400;\">.\u00a0<\/span><\/li>\n<li style=\"font-weight: 400;\" aria-level=\"1\"><span style=\"font-weight: 400;\">Si viajamos en familia o con amigos<\/span>, <b>buscar un espacio en el d\u00eda para uno<\/b><span style=\"font-weight: 400;\">. No todas las actividades deben ser compartidas.<\/span><\/li>\n<li style=\"font-weight: 400;\" aria-level=\"1\"><b>Avisar al grupo laboral que no vamos a hacer uso del celular<\/b><span style=\"font-weight: 400;\">. Del mismo modo, no ofertar disponibilidad horaria en vacaciones, por ejemplo, \u201c<\/span><i><span style=\"font-weight: 400;\">si necesitan algo pueden llamarme<\/span><\/i><span style=\"font-weight: 400;\">\u201d.\u00a0<\/span><\/li>\n<li style=\"font-weight: 400;\" aria-level=\"1\"><b>Identificar y dejar de lado \u201c<\/b><b><i>el tengo que<\/i><\/b><b>\u201d<\/b><span style=\"font-weight: 400;\"> ya que genera tensiones a tal punto que eso que deber\u00eda ser un motivo de satisfacci\u00f3n se transforma en algo tedioso, agotador y rutinario. Por ejemplo: \u201c<\/span><i><span style=\"font-weight: 400;\">tenemos que ir a la playa todos los d\u00edas a las 9 horas, as\u00ed disfrutamos toda la jornada<\/span><\/i><span style=\"font-weight: 400;\">\u201d.\u00a0<\/span><\/li>\n<li style=\"font-weight: 400;\" aria-level=\"1\"><span style=\"font-weight: 400;\">Si alg\u00fan d\u00eda <\/span><b>no tenemos ganas de hacer nada, permit\u00edrnoslo<\/b><span style=\"font-weight: 400;\">.\u00a0<\/span><\/li>\n<li style=\"font-weight: 400;\" aria-level=\"1\"><b>Qu\u00e9 el \u00faltimo d\u00eda siga siendo para nosotros<\/b><span style=\"font-weight: 400;\">. Es lindo llevar obsequios a la gente allegada, pero que eso no sea algo a cumplir generando una tensi\u00f3n innecesaria.\u00a0<\/span><\/li>\n<li style=\"font-weight: 400;\" aria-level=\"1\"><b>Al llegar de las vacaciones no iniciar las actividades el mismo d\u00eda<\/b>, es esencial que haya un d\u00eda entre el descanso y la acci\u00f3n. La idea es irse incorporando de a poco.<\/li>\n<\/ul>\n","protected":false},"excerpt":{"rendered":"<p>Estamos en la \u00e9poca previa al descanso para la mayor\u00eda de las personas y esto nos genera ansiedad. \u00bfPor qu\u00e9? Porque muchas veces ese descanso no llega en el momento que deseamos o porque sentimos que no es suficiente o simplemente porque son tantas las cosas que tenemos que dejar listas que, en vez de [&hellip;]<\/p>\n","protected":false},"author":1,"featured_media":3486,"comment_status":"open","ping_status":"open","sticky":false,"template":"","format":"standard","meta":{"_acf_changed":false,"footnotes":""},"categories":[14],"tags":[],"class_list":["post-3485","post","type-post","status-publish","format-standard","has-post-thumbnail","hentry","category-calidad-de-vida"],"acf":[],"_links":{"self":[{"href":"https:\/\/www.experta.com.ar\/index.php\/wp-json\/wp\/v2\/posts\/3485","targetHints":{"allow":["GET"]}}],"collection":[{"href":"https:\/\/www.experta.com.ar\/index.php\/wp-json\/wp\/v2\/posts"}],"about":[{"href":"https:\/\/www.experta.com.ar\/index.php\/wp-json\/wp\/v2\/types\/post"}],"author":[{"embeddable":true,"href":"https:\/\/www.experta.com.ar\/index.php\/wp-json\/wp\/v2\/users\/1"}],"replies":[{"embeddable":true,"href":"https:\/\/www.experta.com.ar\/index.php\/wp-json\/wp\/v2\/comments?post=3485"}],"version-history":[{"count":0,"href":"https:\/\/www.experta.com.ar\/index.php\/wp-json\/wp\/v2\/posts\/3485\/revisions"}],"wp:featuredmedia":[{"embeddable":true,"href":"https:\/\/www.experta.com.ar\/index.php\/wp-json\/wp\/v2\/media\/3486"}],"wp:attachment":[{"href":"https:\/\/www.experta.com.ar\/index.php\/wp-json\/wp\/v2\/media?parent=3485"}],"wp:term":[{"taxonomy":"category","embeddable":true,"href":"https:\/\/www.experta.com.ar\/index.php\/wp-json\/wp\/v2\/categories?post=3485"},{"taxonomy":"post_tag","embeddable":true,"href":"https:\/\/www.experta.com.ar\/index.php\/wp-json\/wp\/v2\/tags?post=3485"}],"curies":[{"name":"wp","href":"https:\/\/api.w.org\/{rel}","templated":true}]}}