{"id":3482,"date":"2024-11-27T22:02:36","date_gmt":"2024-11-27T21:02:36","guid":{"rendered":"https:\/\/www.experta.com.ar\/index.php\/2024\/11\/27\/sindrome-de-piernas-inquietas\/"},"modified":"2024-11-27T22:02:36","modified_gmt":"2024-11-27T21:02:36","slug":"sindrome-de-piernas-inquietas","status":"publish","type":"post","link":"https:\/\/www.experta.com.ar\/index.php\/sindrome-de-piernas-inquietas\/","title":{"rendered":"S\u00cdNDROME DE PIERNAS INQUIETAS"},"content":{"rendered":"<p><span style=\"font-weight: 400;\">\u00bfAlguna vez escuchaste hablar del s\u00edndrome de las piernas inquietas? Si bien es\u00a0uno de los trastornos del movimiento m\u00e1s comunes, quienes lo padecen tardan varios a\u00f1os en ser diagnosticados. \u00bfDe qu\u00e9 se trata? \u00bfPor qu\u00e9 se produce? Como explica la Dra. Anabel Chade, Jefa de la Cl\u00ednica de Parkinson y enfermedades relacionadas de INECO, es <\/span><b>un s\u00edndrome sensitivo motor que afecta las piernas o brazos <\/b><span style=\"font-weight: 400;\">(principalmente piernas) y en el cual el paciente siente una necesidad de mover estos miembros en respuesta a una sensaci\u00f3n de <\/span><i><span style=\"font-weight: 400;\">discomfort<\/span><\/i> <span style=\"font-weight: 400;\">(incomodidad). Fue descripto por el Dr. Willis en el a\u00f1o 1685 y luego publicado por el Dr. Ekbom en el a\u00f1o 1960. <\/span><b>A pesar de que este s\u00edndrome se conoce desde hace varios a\u00f1os no es diagnosticado con frecuencia<\/b><span style=\"font-weight: 400;\"> y las personas deambulan a\u00f1os por distintos profesionales antes de tener un diagn\u00f3stico preciso.<\/span><\/p>\n<hr style=\"border: solid 1px #727272;\" \/>\n<p><b>CAUSAS<\/b><\/p>\n<p><span style=\"font-weight: 400;\">Como explica Chade, <\/span><b>existe una alteraci\u00f3n en el sistema dopamin\u00e9rgico que es el encargado de controlar los movimientos. \u201c<\/b><b><i>El d\u00e9ficit de hierro es uno de los factores que empeora el s\u00edndrome ya que produce hipoxia en los tejidos perif\u00e9ricos y es una de las hip\u00f3tesis como causa de este cuadro<\/i><\/b><i><span style=\"font-weight: 400;\">. Se han identificado varios genes que podr\u00edan ser responsables del s\u00edndrome\u201d, <\/span><\/i><span style=\"font-weight: 400;\">detalla la especialista.\u00a0<\/span><\/p>\n<p><b>El s\u00edndrome de piernas inquietas primario<\/b> <b>se considera idiop\u00e1tico<\/b><span style=\"font-weight: 400;\"> (de origen o causa desconocido), <\/span><b>pero existen varias teor\u00edas sobre su causa<\/b><span style=\"font-weight: 400;\">. \u201c<\/span><b><i>Algunos pacientes tienen antecedentes familiares<\/i><\/b><i><span style=\"font-weight: 400;\"> del s\u00edndrome lo que indica <\/span><\/i><b><i>un rol de factores gen\u00e9ticos<\/i><\/b><i><span style=\"font-weight: 400;\"> en el desarrollo de este cuadro<\/span><\/i><span style=\"font-weight: 400;\">\u201d, argumenta Chade.<\/span><\/p>\n<p><span style=\"font-weight: 400;\">Y, por otro lado, <\/span><b>existe el s\u00edndrome de piernas inquietas secundario<\/b> <b>relacionado con comorbilidades como enfermedades como la insuficiencia renal<\/b><span style=\"font-weight: 400;\">, pacientes que realizan di\u00e1lisis y d\u00e9ficit de hierro, entre las m\u00e1s frecuentes. Tambi\u00e9n, puede presentarse durante el embarazo y los s\u00edntomas mejoran luego del parto.<\/span><\/p>\n<hr style=\"border: solid 1px #727272;\" \/>\n<p><b>S\u00cdNTOMAS Y SU IMPACTO EN LA CALIDAD DE VIDA<\/b><\/p>\n<p><span style=\"font-weight: 400;\">Chade explica que las personas que lo padecen describen distintos <\/span><b>s\u00edntomas irresistibles como sensaci\u00f3n de ardor, hormigueos, electricidad, sensaci\u00f3n de insectos que caminan por las piernas, agua que corre<\/b><span style=\"font-weight: 400;\">\u2026 \u201c<\/span><i><span style=\"font-weight: 400;\">Todos estos <\/span><\/i><b><i>s\u00edntomas tienen un ritmo circadiano y empeoran durante el atardecer y la noche<\/i><\/b><i><span style=\"font-weight: 400;\">. La persona los padece cuando est\u00e1 en reposo, sentada o acostada y, en general, ocurre en las dos piernas<\/span><\/i><span style=\"font-weight: 400;\">\u201d, se explaya.\u00a0<\/span><\/p>\n<p><span style=\"font-weight: 400;\">Lo que no hay duda es que este s\u00edndrome <\/span><b>puede afectar severamente la calidad de vida del paciente<\/b><span style=\"font-weight: 400;\">. <\/span><span style=\"font-weight: 400;\">\u00bfC\u00f3mo afectan los s\u00edntomas al estilo de vida?<\/span><span style=\"font-weight: 400;\"> Algunas personas <\/span><b>no pueden realizar actividades sociales o laborales<\/b><span style=\"font-weight: 400;\"> dada las dificultades que presentan en reposo. Pueden tener los s\u00edntomas durante un viaje prolongado, cuando van al cine o al teatro, por ejemplo. <\/span><b>Adem\u00e1s, afecta el descanso de la persona y puede producir insomnio o somnolencia diurna excesiva<\/b><span style=\"font-weight: 400;\">. \u201c<\/span><i><span style=\"font-weight: 400;\">A veces son los propios trastornos del sue\u00f1o que llevan a la persona a consultar al m\u00e9dico y donde se termina diagnosticando<\/span><\/i><span style=\"font-weight: 400;\">\u201d.\u00a0<\/span><\/p>\n<p><span style=\"font-weight: 400;\">Tambi\u00e9n <\/span><b>este s\u00edndrome se puede acompa\u00f1ar de trastornos an\u00edmicos como ansiedad o depresi\u00f3n<\/b><span style=\"font-weight: 400;\">. Algunos pacientes presentan trastorno de d\u00e9ficit de atenci\u00f3n e hiperactividad. En resumen, afecta negativamente la calidad de vida de quien lo padece.<\/span><\/p>\n<hr style=\"border: solid 1px #727272;\" \/>\n<p><b>DIAGN\u00d3STICO Y TRATAMIENTO<\/b><\/p>\n<p><span style=\"font-weight: 400;\">C\u00f3mo dijimos al principio, <\/span><b>muchas veces el paciente realiza m\u00faltiples consultas durante a\u00f1os con diferentes especialistas antes de tener un diagn\u00f3stico adecuado<\/b><span style=\"font-weight: 400;\">. \u201c<\/span><b><i>Es importante el interrogatorio del paciente<\/i><\/b><i><span style=\"font-weight: 400;\"> que nos contar\u00e1 que siente una sensaci\u00f3n de molestia irresistible en las piernas, que tiene la necesidad de moverlas, que esta sensaci\u00f3n le produce un importante discomfort y que alivia temporalmente cuando camina, estira o mueve las piernas. <\/span><\/i><b><i>Se puede tambi\u00e9n realizar un estudio de sue\u00f1o, una polisomnograf\u00eda, para evaluar si aparecen movimientos peri\u00f3dicos de las piernas durante esta etapa<\/i><\/b><i><span style=\"font-weight: 400;\"> que pueden ser parte del mismo cuadro. Son movimientos que la persona presenta cuando duerme; <\/span><\/i><i><span style=\"font-weight: 400;\">movimientos involuntarios<\/span><\/i><i><span style=\"font-weight: 400;\"> que el paciente no se da cuenta que los tiene<\/span><\/i><span style=\"font-weight: 400;\">\u201d, detalla la especialista.\u00a0<\/span><\/p>\n<p><span style=\"font-weight: 400;\">Y a su vez asegura que <\/span><b>es importante hacer el diagn\u00f3stico diferencial con otras enfermedades <\/b><span style=\"font-weight: 400;\">como problemas venosos, <\/span><span style=\"font-weight: 400;\">neuropat\u00eda<\/span><span style=\"font-weight: 400;\">s, artritis, otros movimientos anormales para que el paciente reciba un tratamiento adecuado.\u00a0<\/span><\/p>\n<p><span style=\"font-weight: 400;\">\u00bfQu\u00e9 tratamientos farmacol\u00f3gicos pueden ayudar?<\/span><span style=\"font-weight: 400;\"> Chade aclara que <\/span><b>si el s\u00edndrome afecta la calidad de vida del paciente se le pueden indicar medicamentos agonistas de la <\/b><b>dopamina<\/b><b> para mejorar los s\u00edntomas<\/b><span style=\"font-weight: 400;\">. Y explica que existen <\/span><b>tambi\u00e9n otras drogas como anticonvulsivantes u opioides<\/b><span style=\"font-weight: 400;\"> que se pueden indicar si el paciente no mejora. Incluso se puede indicar medicamentos que suplementen el hierro, si el m\u00e9dico infiere que esta es una de las causas.\u00a0<\/span><\/p>\n<p><span style=\"font-weight: 400;\">En cuanto a h\u00e1bitos, explica que <\/span><b>factores como la ingesta de alcohol, caf\u00e9 y tabaco empeoran los s\u00edntomas<\/b><span style=\"font-weight: 400;\">. Adem\u00e1s, enfatiza en la importancia de realizar ejercicio de forma regular. \u201c<\/span><i><span style=\"font-weight: 400;\">Es importante consultar a un m\u00e9dico especialista \u2013que puede ser un neur\u00f3logo\u2013 para que la persona tenga un diagn\u00f3stico preciso y tratamiento adecuado para mejorar la calidad de vida<\/span><\/i><span style=\"font-weight: 400;\">\u201d, concluye.<\/span><\/p>\n<div style=\"border: 1px solid #727272; border-radius: 20px; padding: 20px;\">\n<p><b>EN N\u00daMEROS\u2026<\/b><\/p>\n<ul>\n<li style=\"font-weight: 400;\" aria-level=\"1\"><span style=\"font-weight: 400;\">Estudios realizados en Estados Unidos y Europa revelan que entre el 10 y 20% de las personas pueden presentar este s\u00edndrome.\u00a0<\/span><\/li>\n<li style=\"font-weight: 400;\" aria-level=\"1\"><span style=\"font-weight: 400;\">En la Argentina la prevalencia es del 20%. Y en estudios realizados por consultas de sue\u00f1o la prevalencia puede ser 35-40% de los pacientes.<\/span><\/li>\n<li style=\"font-weight: 400;\" aria-level=\"1\"><span style=\"font-weight: 400;\">Puede aparecer en ni\u00f1os con una prevalencia del 7.7% de las consultas por trastornos de sue\u00f1o.\u00a0<\/span><\/li>\n<\/ul>\n<\/div>\n<p>&nbsp;<\/p>\n","protected":false},"excerpt":{"rendered":"<p>\u00bfAlguna vez escuchaste hablar del s\u00edndrome de las piernas inquietas? Si bien es\u00a0uno de los trastornos del movimiento m\u00e1s comunes, quienes lo padecen tardan varios a\u00f1os en ser diagnosticados. \u00bfDe qu\u00e9 se trata? \u00bfPor qu\u00e9 se produce? Como explica la Dra. Anabel Chade, Jefa de la Cl\u00ednica de Parkinson y enfermedades relacionadas de INECO, es [&hellip;]<\/p>\n","protected":false},"author":1,"featured_media":3483,"comment_status":"open","ping_status":"open","sticky":false,"template":"","format":"standard","meta":{"_acf_changed":false,"footnotes":""},"categories":[11],"tags":[],"class_list":["post-3482","post","type-post","status-publish","format-standard","has-post-thumbnail","hentry","category-cerca-de-tu-negocio"],"acf":[],"_links":{"self":[{"href":"https:\/\/www.experta.com.ar\/index.php\/wp-json\/wp\/v2\/posts\/3482","targetHints":{"allow":["GET"]}}],"collection":[{"href":"https:\/\/www.experta.com.ar\/index.php\/wp-json\/wp\/v2\/posts"}],"about":[{"href":"https:\/\/www.experta.com.ar\/index.php\/wp-json\/wp\/v2\/types\/post"}],"author":[{"embeddable":true,"href":"https:\/\/www.experta.com.ar\/index.php\/wp-json\/wp\/v2\/users\/1"}],"replies":[{"embeddable":true,"href":"https:\/\/www.experta.com.ar\/index.php\/wp-json\/wp\/v2\/comments?post=3482"}],"version-history":[{"count":0,"href":"https:\/\/www.experta.com.ar\/index.php\/wp-json\/wp\/v2\/posts\/3482\/revisions"}],"wp:featuredmedia":[{"embeddable":true,"href":"https:\/\/www.experta.com.ar\/index.php\/wp-json\/wp\/v2\/media\/3483"}],"wp:attachment":[{"href":"https:\/\/www.experta.com.ar\/index.php\/wp-json\/wp\/v2\/media?parent=3482"}],"wp:term":[{"taxonomy":"category","embeddable":true,"href":"https:\/\/www.experta.com.ar\/index.php\/wp-json\/wp\/v2\/categories?post=3482"},{"taxonomy":"post_tag","embeddable":true,"href":"https:\/\/www.experta.com.ar\/index.php\/wp-json\/wp\/v2\/tags?post=3482"}],"curies":[{"name":"wp","href":"https:\/\/api.w.org\/{rel}","templated":true}]}}