{"id":3371,"date":"2024-07-17T17:55:38","date_gmt":"2024-07-17T15:55:38","guid":{"rendered":"https:\/\/www.experta.com.ar\/index.php\/2024\/07\/17\/que-es-el-bienestar-digital\/"},"modified":"2024-07-17T17:55:38","modified_gmt":"2024-07-17T15:55:38","slug":"que-es-el-bienestar-digital","status":"publish","type":"post","link":"https:\/\/www.experta.com.ar\/index.php\/que-es-el-bienestar-digital\/","title":{"rendered":"\u00bfQU\u00c9 ES EL BIENESTAR DIGITAL?"},"content":{"rendered":"<p><span style=\"font-weight: 400;\">La tecnolog\u00eda es parte de nuestra vida y no es novedad que nos ha facilitado varias de las tareas diarias. Sin embargo, su uso indiscriminado puede tener consecuencias negativas en la salud. \u00bfC\u00f3mo llegar a un equilibrio? \u00bf<\/span><span style=\"font-weight: 400;\">Qu\u00e9 es el bienestar digital<\/span><span style=\"font-weight: 400;\"> y c\u00f3mo lograrlo? Seg\u00fan explica la Licenciada Delfina Ail\u00e1n, psic\u00f3loga (MN 75326), miembro del Departamento de Psicoterapia Cognitiva de INECO, <\/span><span style=\"font-weight: 400;\">podemos definir al <\/span><b>bienestar digital<\/b> <b>como el estado que experimentamos al utilizar la tecnolog\u00eda de manera que mejore nuestra calidad de vida en lugar de comprometerla<\/b><span style=\"font-weight: 400;\">. \u201c<\/span><i><span style=\"font-weight: 400;\">No hay dudas de que la tecnolog\u00eda ha revolucionado nuestras vidas, afectando c\u00f3mo nos comunicamos, trabajamos, aprendemos y nos entretenemos. Aunque esto <\/span><\/i><b><i>trae consigo beneficios evidentes como la conectividad global y el acceso instant\u00e1neo a informaci\u00f3n, tambi\u00e9n nos enfrenta al desaf\u00edo de gestionar su posible impacto negativo en nuestro bienestar<\/i><\/b><span style=\"font-weight: 400;\">\u201d, argumenta <\/span><span style=\"font-weight: 400;\">Ail\u00e1n.<\/span><\/p>\n<hr style=\"border: solid 1px #727272;\" \/>\n<p><b>SALUD Y TECNOLOG\u00cdA<\/b><\/p>\n<p><span style=\"font-weight: 400;\">Lejos estamos de demonizar a la tecnolog\u00eda, pero su uso desmedido tiene impacto en nuestra calidad de vida. Uno de los <\/span><b>aspectos d\u00f3nde m\u00e1s se nota es en nuestro descanso<\/b><span style=\"font-weight: 400;\">. \u201c<\/span><b><i>Usar dispositivos electr\u00f3nicos antes de dormir puede interferir con la cantidad y calidad del sue\u00f1o debido a la exposici\u00f3n a la luz azul y a la estimulaci\u00f3n mental.<\/i><\/b> <b><i>La exposici\u00f3n a la luz azul puede impactar en la producci\u00f3n de melatonina, la hormona que regula el sue\u00f1o, dificultando la conciliaci\u00f3n y alterando el ritmo circadiano<\/i><\/b><i><span style=\"font-weight: 400;\">. Una pobre calidad de sue\u00f1o puede llevar a una somnolencia diurna excesiva e <strong>i<\/strong><\/span><\/i><b><i>mpactar negativamente en el rendimiento en el trabajo o en la escuela, as\u00ed como en la capacidad de concentraci\u00f3n y memoria<\/i><\/b><span style=\"font-weight: 400;\">\u201d, ejemplifica. Por tal motivo, es clave evitar las <\/span><span style=\"font-weight: 400;\">pantallas antes de dormir<\/span><span style=\"font-weight: 400;\">.\u00a0<\/span><\/p>\n<p><span style=\"font-weight: 400;\">Seg\u00fan explica Ail\u00e1n, adem\u00e1s <\/span><b>hay evidencia de que la adicci\u00f3n a internet puede estar asociada con cambios en la cantidad de sustancia gris y blanca en \u00e1reas clave del <a href=\"https:\/\/www.experta.com.ar\/blogg\/dia-mundial-del-cerebro\/\" target=\"_blank\" rel=\"noopener\">cerebro<\/a>, como la corteza prefrontal y el giro cingulado anterior, que son zonas involucradas en el control de impulsos, la toma de decisiones y la regulaci\u00f3n emocional<\/b><span style=\"font-weight: 400;\">. La <\/span><b>exposici\u00f3n constante a est\u00edmulos digitales puede afectar la plasticidad cerebral<\/b><span style=\"font-weight: 400;\">, esto es, la <\/span><b>capacidad que tiene el cerebro para adaptarse y cambiar en respuesta a la experiencia. <\/b><span style=\"font-weight: 400;\">Adem\u00e1s, el uso problem\u00e1tico y la <\/span><span style=\"font-weight: 400;\">dependencia a internet<\/span><span style=\"font-weight: 400;\"> puede conllevar <\/span><b>problemas atencionales y de concentraci\u00f3n<\/b><span style=\"font-weight: 400;\">.<\/span><\/p>\n<hr style=\"border: solid 1px #727272;\" \/>\n<p><b>EN BUSCA DEL EQUILIBRIO<\/b><\/p>\n<p><span style=\"font-weight: 400;\">Si bien muchas generaciones no nacimos con la revoluci\u00f3n digital nos hemos adaptado a ella y, en algunos casos, hemos hecho un uso poco saludable. En contrapartida, las nuevas generaciones nacieron con la tecnolog\u00eda como parte fundamental de su vida y no conciben una vida sin ella. El gran desaf\u00edo en ambos casos es <\/span><b>encontrar el equilibrio. Como adultos, tenemos que inculcar a los ni\u00f1os la importancia de tener una relaci\u00f3n saludable con la tecnolog\u00eda y nosotros ser ejemplo de ello.\u00a0<\/b><\/p>\n<p><span style=\"font-weight: 400;\">La especialista explica que el <\/span><b>cerebro infantil se ve influenciado por la exposici\u00f3n a est\u00edmulos digitales y estos pueden moldear la estructura y funci\u00f3n cerebral<\/b><span style=\"font-weight: 400;\">, <\/span><b>y afectar \u00e1reas como la atenci\u00f3n, el procesamiento visual y la regulaci\u00f3n de las emociones<\/b><span style=\"font-weight: 400;\">. Adem\u00e1s, el uso de tecnolog\u00eda <\/span><b>puede afectar el desarrollo social y emocional<\/b><span style=\"font-weight: 400;\">. \u201c<\/span><i><span style=\"font-weight: 400;\">Es \u00fatil <\/span><\/i><b><i>establecer l\u00edmites claros en cuanto al tiempo de pantalla, supervisar activamente las actividades digitales de los ni\u00f1os y promover actividades por fuera de la pantalla, <\/i><\/b><i><span style=\"font-weight: 400;\">como hobbies o actividades al aire libre. Tambi\u00e9n es importante <\/span><\/i><b><i>modelar un comportamiento digital positivo<\/i><\/b><i><span style=\"font-weight: 400;\"> limitando el propio tiempo frente a la pantalla y mostrando c\u00f3mo utilizar la tecnolog\u00eda de forma responsable y productiva<\/span><\/i><span style=\"font-weight: 400;\">\u201d, argumenta.<\/span><\/p>\n<hr style=\"border: solid 1px #727272;\" \/>\n<p><b>MUNDO DIGITAL VS. MUNDO REAL<\/b><\/p>\n<p><span style=\"font-weight: 400;\">\u00bfEs una cosa u otra? La respuesta enf\u00e1tica es no, se trata de la amalgama de ambos mundos. <\/span><span style=\"font-weight: 400;\">El equilibrio entre la vida digital-real.<\/span><span style=\"font-weight: 400;\">\u00a0 Como explica Ail\u00e1n, el avance tecnol\u00f3gico integr\u00f3 el mundo digital en nuestras vidas diarias y <\/span><b>desde el auge del trabajo remoto hasta la constante conexi\u00f3n a redes sociales y noticias, los l\u00edmites entre el mundo digital y el mundo real tienden a desdibujarse, lo que puede afectar nuestra salud mental y bienestar.<\/b><span style=\"font-weight: 400;\"> El trabajo remoto nos permite flexibilidad y accesibilidad, pero tambi\u00e9n puede dificultar la desconexi\u00f3n del entorno laboral, as\u00ed como puede limitar la socializaci\u00f3n con compa\u00f1eros de trabajo. De forma similar, estar constantemente conectado en las redes sociales puede fomentar la comparaci\u00f3n con otros e impactar negativamente en la autovaloraci\u00f3n. \u201c<\/span><i><span style=\"font-weight: 400;\">En este sentido, puede ser de ayuda <\/span><\/i><b><i>establecer l\u00edmites de tiempo, gestionar las notificaciones, designar \u00e1reas en el hogar donde no se usar\u00e1n dispositivos digitales o fomentar actividades no digitales<\/i><\/b><span style=\"font-weight: 400;\">\u201d, asegura.<\/span><\/p>\n<hr style=\"border: solid 1px #727272;\" \/>\n<p><b>IMPACTO DE LAS REDES SOCIALES<\/b><\/p>\n<p><span style=\"font-weight: 400;\">\u00bfC\u00f3mo afectan las redes sociales a la salud?<\/span><span style=\"font-weight: 400;\"> Con relaci\u00f3n a las redes sociales, la especialista aclara que no todo es negativo. Hay evidencia de que no toda forma de uso se asocia a problemas en la salud mental. Por ejemplo, <\/span><b>se ha encontrado que la comunicaci\u00f3n uno a uno, comentar, dar<\/b><b><i> likes<\/i><\/b><b>, tener experiencias positivas y divertidas para uno, se asociar\u00edan a una sensaci\u00f3n de bienestar <\/b><span style=\"font-weight: 400;\">e incluso podr\u00edan ayudar a disminuir s\u00edntomas de estr\u00e9s y soledad. Por el contrario, <\/span><b>un uso m\u00e1s pasivo de las redes, como la simple exploraci\u00f3n o monitoreo, se asociar\u00eda de manera negativa con el bienestar<\/b><span style=\"font-weight: 400;\">, pudiendo desencadenar s\u00edntomas de depresi\u00f3n y ansiedad.\u00a0<\/span><\/p>\n<p><span style=\"font-weight: 400;\">Adem\u00e1s de aconsejar considerar el tipo de uso que le damos a las redes, la especialista comparte <\/span><b>algunas otras estrategias que pueden ser \u00fatiles<\/b><span style=\"font-weight: 400;\"> a la hora de minimizar su impacto sobre nuestra salud\u2026<\/span><\/p>\n<ul>\n<li><b>Identificar disparadores internos:\u00a0<\/b><span style=\"font-weight: 400;\">Implica reconocer c\u00f3mo nos sentimos antes de recurrir a estas plataformas. Estados emocionales como el aburrimiento, la soledad, la necesidad de validaci\u00f3n, el estr\u00e9s, el insomnio, la tristeza o la ansiedad, pueden motivar el uso desadaptativo de redes sociales.<\/span><\/li>\n<li><b>Identificar disparadores externos:\u00a0<\/b><span style=\"font-weight: 400;\">Se refiere a identificar elementos del entorno que incitan el uso de redes sociales, como recibir notificaciones, ver a otros utilizar sus dispositivos, estar en lugares habituales de uso de redes o la cercan\u00eda y accesibilidad del dispositivo m\u00f3vil.<\/span><\/li>\n<li><b>Identificar pensamientos autom\u00e1ticos:\u00a0<\/b><span style=\"font-weight: 400;\">Implica reconocer las creencias autom\u00e1ticas que influyen en las emociones y comportamientos relacionados con el uso de redes sociales, como la necesidad de revisarlas para evitar la ansiedad o la importancia de los <\/span><i><span style=\"font-weight: 400;\">likes <\/span><\/i><span style=\"font-weight: 400;\">para la autoestima.\u00a0<\/span><\/li>\n<li><b>Identificar impulsos:\u00a0<\/b><span style=\"font-weight: 400;\">Se refiere a reconocer los deseos intensos o \u201cganas\u201d de utilizar las redes sociales, que pueden manifestarse como cambios f\u00edsicos como aumento del ritmo card\u00edaco o inquietud. Identificar estos impulsos es el primer paso para gestionarlos y controlar el comportamiento de revisar las redes sociales de manera autom\u00e1tica.\u00a0<\/span><\/li>\n<li><b>Identificar cogniciones habilitantes:\u00a0<\/b><span style=\"font-weight: 400;\">Implica reconocer los pensamientos que justifican o permiten el uso de redes sociales, como el merecimiento de una distracci\u00f3n despu\u00e9s de un d\u00eda de trabajo o la minimizaci\u00f3n del tiempo que se pasar\u00e1 en ellas. Identificar estas cogniciones ayuda a ser consciente de las razones detr\u00e1s del uso habitual de redes sociales y permite trabajar en cambiar esos patrones, si son problem\u00e1ticos.<\/span><\/li>\n<\/ul>\n<p><span style=\"font-weight: 400;\">Por el \u00faltimo, Ail\u00e1n afirma que, si el malestar se acrecienta, es muy intenso o persistente, es importante pedir ayuda profesional. El bienestar digital es tambi\u00e9n <\/span><span style=\"font-weight: 400;\">bienestar emocional.<\/span><span style=\"font-weight: 400;\">\u00a0<\/span><\/p>\n<p><span style=\"font-weight: 400;\">M\u00e1s informaci\u00f3n: <\/span><a href=\"https:\/\/www.ineco.org.ar\/\" target=\"_blank\" rel=\"noopener\"><span style=\"font-weight: 400;\">https:\/\/www.ineco.org.ar\/<\/span><\/a><\/p>\n","protected":false},"excerpt":{"rendered":"<p>La tecnolog\u00eda es parte de nuestra vida y no es novedad que nos ha facilitado varias de las tareas diarias. Sin embargo, su uso indiscriminado puede tener consecuencias negativas en la salud. \u00bfC\u00f3mo llegar a un equilibrio? \u00bfQu\u00e9 es el bienestar digital y c\u00f3mo lograrlo? Seg\u00fan explica la Licenciada Delfina Ail\u00e1n, psic\u00f3loga (MN 75326), miembro [&hellip;]<\/p>\n","protected":false},"author":1,"featured_media":3372,"comment_status":"open","ping_status":"open","sticky":false,"template":"","format":"standard","meta":{"_acf_changed":false,"footnotes":""},"categories":[14],"tags":[],"class_list":["post-3371","post","type-post","status-publish","format-standard","has-post-thumbnail","hentry","category-calidad-de-vida"],"acf":[],"_links":{"self":[{"href":"https:\/\/www.experta.com.ar\/index.php\/wp-json\/wp\/v2\/posts\/3371","targetHints":{"allow":["GET"]}}],"collection":[{"href":"https:\/\/www.experta.com.ar\/index.php\/wp-json\/wp\/v2\/posts"}],"about":[{"href":"https:\/\/www.experta.com.ar\/index.php\/wp-json\/wp\/v2\/types\/post"}],"author":[{"embeddable":true,"href":"https:\/\/www.experta.com.ar\/index.php\/wp-json\/wp\/v2\/users\/1"}],"replies":[{"embeddable":true,"href":"https:\/\/www.experta.com.ar\/index.php\/wp-json\/wp\/v2\/comments?post=3371"}],"version-history":[{"count":0,"href":"https:\/\/www.experta.com.ar\/index.php\/wp-json\/wp\/v2\/posts\/3371\/revisions"}],"wp:featuredmedia":[{"embeddable":true,"href":"https:\/\/www.experta.com.ar\/index.php\/wp-json\/wp\/v2\/media\/3372"}],"wp:attachment":[{"href":"https:\/\/www.experta.com.ar\/index.php\/wp-json\/wp\/v2\/media?parent=3371"}],"wp:term":[{"taxonomy":"category","embeddable":true,"href":"https:\/\/www.experta.com.ar\/index.php\/wp-json\/wp\/v2\/categories?post=3371"},{"taxonomy":"post_tag","embeddable":true,"href":"https:\/\/www.experta.com.ar\/index.php\/wp-json\/wp\/v2\/tags?post=3371"}],"curies":[{"name":"wp","href":"https:\/\/api.w.org\/{rel}","templated":true}]}}