{"id":3359,"date":"2024-06-28T13:33:17","date_gmt":"2024-06-28T11:33:17","guid":{"rendered":"https:\/\/www.experta.com.ar\/index.php\/2024\/06\/28\/pymes\/"},"modified":"2024-06-28T13:33:17","modified_gmt":"2024-06-28T11:33:17","slug":"pymes","status":"publish","type":"post","link":"https:\/\/www.experta.com.ar\/index.php\/pymes\/","title":{"rendered":"PYMES"},"content":{"rendered":"<p><span style=\"font-weight: 400;\">En el a\u00f1o 2017 la Asamblea General de Naciones Unidas (ONU) resolvi\u00f3 <\/span><b>declarar el 27 de junio como \u201cD\u00eda Internacional de las Micro, Peque\u00f1as y Medianas Empresas\u201d, como forma de apoyar la Agenda 2030 para el Desarrollo Sostenible, a trav\u00e9s de la creaci\u00f3n de empleo y del desarrollo econ\u00f3mico.<\/b><span style=\"font-weight: 400;\"> Si bien la decisi\u00f3n fue tomada por la ONU, fue a instancias de la Misi\u00f3n Permanente de la Rep\u00fablica Argentina ante las Naciones Unidas, en ocasi\u00f3n de la 61\u00aa Conferencia del Consejo Internacional de la Peque\u00f1a Empresa (ICSB). Es que, <\/span><b>si hay un pa\u00eds que sabe <\/b><b>el impacto que tienen las MIPYMES en la generaci\u00f3n de empleo<\/b><b> y en ser motor de la econom\u00eda, ese es la Argentina<\/b><span style=\"font-weight: 400;\">. Somos un pa\u00eds sostenido por el arduo trabajo de las pymes, pero su vital importancia no es solo nacional. <\/span><b>Seg\u00fan datos de la ONU, las microempresas y las peque\u00f1as y medianas empresas (MIPYME) representan el 90% de las empresas, entre el 60 y el 70% del empleo y el 50% del PIB mundial.<\/b><span style=\"font-weight: 400;\"> Son columna vertebral de las sociedades de todo el mundo, contribuyen a las econom\u00edas locales y nacionales y a mantener los medios de subsistencia. <\/span><b>Las MIPYME tienen el potencial de transformar las econom\u00edas, fomentar la creaci\u00f3n de empleo y promover un crecimiento econ\u00f3mico equitativo si reciben el apoyo necesario.<\/b><span style=\"font-weight: 400;\"> Por eso, este d\u00eda pone en agenda su papel fundamental y explora las oportunidades para su desarrollo.<\/span><\/p>\n<hr style=\"border: solid 1px #727272;\" \/>\n<p><b>DESAFIANTES, PERO MARAVILLOSAS<\/b><\/p>\n<p><span style=\"font-weight: 400;\">No es novedad que tener una pyme en el pa\u00eds hoy representa todo un desaf\u00edo, pero tambi\u00e9n es algo sumamente gratificante. \u00bfPor qu\u00e9? Ni m\u00e1s ni menos, porque <\/span><b>al constituir un proyecto desde cero, darle forma, verlo arrancar, crecer y generar empleo genuino estamos contribuyendo a crear un pa\u00eds y una sociedad mejor<\/b><span style=\"font-weight: 400;\">. Con cada granito de arena estamos marcando la diferencia y abriendo un sinf\u00edn de posibilidades. Claro est\u00e1, que siempre hay y habr\u00e1 momentos dif\u00edciles o angustiantes, pero si algo tenemos los argentinos es poder para salir adelante y resolver cada desaf\u00edo que se nos presenta.<\/span><\/p>\n<hr style=\"border: solid 1px #727272;\" \/>\n<p><b>UN SEGURO A TU MEDIDA<\/b><\/p>\n<p><b>En Experta Seguros<\/b><span style=\"font-weight: 400;\"> somos tus aliados y socios estrat\u00e9gicos en tu proyecto porque <\/span><b>aseguramos tu Pyme a la medida de tus necesidades.<\/b><span style=\"font-weight: 400;\"> Te acompa\u00f1amos protegiendo tu mayor valor: tu empresa, as\u00ed tu \u00fanica preocupaci\u00f3n es seguir creciendo con tu negocio sin sobresaltos.\u00a0<\/span><\/p>\n<p><span style=\"font-weight: 400;\">Si ten\u00e9s alguna duda sobre qu\u00e9 seguros son los ideales para vos, <\/span><b>contactate con tu Productor Asesor de Seguros que te ayudar\u00e1 a encontrar la mejor opci\u00f3n costo-beneficio<\/b><span style=\"font-weight: 400;\">.\u00a0<\/span><\/p>\n<p><b>\u00a1FELIZ EN TU D\u00cdA HOY Y CADA D\u00cdA!<\/b><span style=\"font-weight: 400;\"> Sigamos celebrando juntos la cultura del cuidado.\u00a0<\/span><\/p>\n<p><span style=\"font-weight: 400;\">Fuente: ONU, Argentina.gob.ar<\/span><\/p>\n","protected":false},"excerpt":{"rendered":"<p>En el a\u00f1o 2017 la Asamblea General de Naciones Unidas (ONU) resolvi\u00f3 declarar el 27 de junio como \u201cD\u00eda Internacional de las Micro, Peque\u00f1as y Medianas Empresas\u201d, como forma de apoyar la Agenda 2030 para el Desarrollo Sostenible, a trav\u00e9s de la creaci\u00f3n de empleo y del desarrollo econ\u00f3mico. Si bien la decisi\u00f3n fue tomada [&hellip;]<\/p>\n","protected":false},"author":1,"featured_media":3360,"comment_status":"open","ping_status":"open","sticky":false,"template":"","format":"standard","meta":{"_acf_changed":false,"footnotes":""},"categories":[11],"tags":[],"class_list":["post-3359","post","type-post","status-publish","format-standard","has-post-thumbnail","hentry","category-cerca-de-tu-negocio"],"acf":[],"_links":{"self":[{"href":"https:\/\/www.experta.com.ar\/index.php\/wp-json\/wp\/v2\/posts\/3359","targetHints":{"allow":["GET"]}}],"collection":[{"href":"https:\/\/www.experta.com.ar\/index.php\/wp-json\/wp\/v2\/posts"}],"about":[{"href":"https:\/\/www.experta.com.ar\/index.php\/wp-json\/wp\/v2\/types\/post"}],"author":[{"embeddable":true,"href":"https:\/\/www.experta.com.ar\/index.php\/wp-json\/wp\/v2\/users\/1"}],"replies":[{"embeddable":true,"href":"https:\/\/www.experta.com.ar\/index.php\/wp-json\/wp\/v2\/comments?post=3359"}],"version-history":[{"count":0,"href":"https:\/\/www.experta.com.ar\/index.php\/wp-json\/wp\/v2\/posts\/3359\/revisions"}],"wp:featuredmedia":[{"embeddable":true,"href":"https:\/\/www.experta.com.ar\/index.php\/wp-json\/wp\/v2\/media\/3360"}],"wp:attachment":[{"href":"https:\/\/www.experta.com.ar\/index.php\/wp-json\/wp\/v2\/media?parent=3359"}],"wp:term":[{"taxonomy":"category","embeddable":true,"href":"https:\/\/www.experta.com.ar\/index.php\/wp-json\/wp\/v2\/categories?post=3359"},{"taxonomy":"post_tag","embeddable":true,"href":"https:\/\/www.experta.com.ar\/index.php\/wp-json\/wp\/v2\/tags?post=3359"}],"curies":[{"name":"wp","href":"https:\/\/api.w.org\/{rel}","templated":true}]}}