{"id":3116,"date":"2023-09-11T18:02:22","date_gmt":"2023-09-11T16:02:22","guid":{"rendered":"https:\/\/www.experta.com.ar\/index.php\/2023\/09\/11\/hablemos-de-alzheimer\/"},"modified":"2023-09-11T18:02:22","modified_gmt":"2023-09-11T16:02:22","slug":"hablemos-de-alzheimer","status":"publish","type":"post","link":"https:\/\/www.experta.com.ar\/index.php\/hablemos-de-alzheimer\/","title":{"rendered":"HABLEMOS DE ALZHEIMER"},"content":{"rendered":"<p><span style=\"font-weight: 400;\">Cada <\/span><b>21 de septiembre se celebra el D\u00eda Mundial del Alzheimer<\/b><span style=\"font-weight: 400;\">, fecha establecida por Alzheimer &#8216;s Disease International (ADI) en colaboraci\u00f3n con la Organizaci\u00f3n Mundial de la Salud (OMS) <\/span><b>con el objetivo de crear conciencia y promover la comprensi\u00f3n sobre la enfermedad y otras formas de demencia a escala global<\/b><span style=\"font-weight: 400;\">. Seg\u00fan explica el Dr. Guido Dorman, miembro del Departamento de Geronto-Neuropsiquiatr\u00eda y de la Cl\u00ednica de la Memoria de INECO, esta campa\u00f1a de concientizaci\u00f3n tiene como principales objetivos <\/span><b>reducir el estigma que rodea a la demencia, brindar informaci\u00f3n precisa al p\u00fablico, apoyar a los afectados por la enfermedad y abogar por una mayor investigaci\u00f3n y recursos para su prevenci\u00f3n, tratamiento y atenci\u00f3n<\/b><span style=\"font-weight: 400;\">. Tambi\u00e9n, busca <\/span><b>destacar el rol de los cuidadores de apoyo que enfrentan inmensos desaf\u00edos y estr\u00e9s<\/b><span style=\"font-weight: 400;\">. Sin duda, esta fecha representa una gran oportunidad para poner el tema en la mesa y tomar acciones concretas.\u00a0<\/span><\/p>\n<hr style=\"border: solid 1px #727272;\" \/>\n<p><b>\u00bfQU\u00c9 ES EL ALZHEIMER?<\/b><\/p>\n<p><span style=\"font-weight: 400;\">\u201c<\/span><i><span style=\"font-weight: 400;\">Es una <\/span><\/i><b><i>enfermedad degenerativa del sistema nervioso que conduce gradual y progresivamente a la p\u00e9rdida de las funciones cognitivas<\/i><\/b><i><span style=\"font-weight: 400;\">, y con ello <\/span><\/i><b><i>a la p\u00e9rdida de la independencia de la persona<\/i><\/b><i><span style=\"font-weight: 400;\">. Es la causa m\u00e1s frecuente de demencias a nivel mundial, siendo responsable de hasta el 70% de las mismas. Adem\u00e1s, <\/span><\/i><b><i>su forma m\u00e1s frecuente es la llamada enfermedad \u2018espor\u00e1dica\u2019 que se relaciona con m\u00faltiples factores de riesgo, entre los cuales se sabe que la edad es el principal<\/i><\/b><span style=\"font-weight: 400;\">\u201d, explica Dorman.<\/span><\/p>\n<p><span style=\"font-weight: 400;\">El especialista agrega que si bien se desconoce con exactitud cu\u00e1l es la causa de la enfermedad de Alzheimer, s\u00ed <\/span><b>se sabe que en el cerebro de las personas afectadas comienzan a depositarse prote\u00ednas anormales muchos a\u00f1os antes del inicio de los primeros s\u00edntomas<\/b><span style=\"font-weight: 400;\">. Estas prote\u00ednas resultan \u2018t\u00f3xicas\u2019 para las neuronas (que son las c\u00e9lulas del cerebro), <\/span><b>generan alteraciones en la conexi\u00f3n entre las mismas y posteriormente la muerte neuronal.<\/b><span style=\"font-weight: 400;\"> Esta muerte neuronal se produce de una manera m\u00e1s acelerada de lo que sucede en cerebros de personas sin la enfermedad y al inicio se localiza en \u00e1reas espec\u00edficas del cerebro que van a estar con relaci\u00f3n a los s\u00edntomas. Por ejemplo, en las formas t\u00edpicas de la enfermedad, comienzan afectando los l\u00f3bulos temporales, resultando como primeros s\u00edntomas los problemas en la memoria reciente.<\/span><\/p>\n<p><span style=\"font-weight: 400;\">Pero Dorman aclara que <\/span><b>no solo deteriora la memoria y el resto de las funciones cognitivas, sino que tambi\u00e9n genera cambios en el car\u00e1cter y el comportamiento<\/b><span style=\"font-weight: 400;\">. \u201c<\/span><i><span style=\"font-weight: 400;\">Todo esto <\/span><\/i><b><i>va afectando progresivamente la capacidad de la persona de realizar sus actividades cotidianas<\/i><\/b><i><span style=\"font-weight: 400;\"> de manera independiente y, en estadios avanzados, aumenta el riesgo de padecer enfermedades f\u00edsicas. <\/span><\/i><b><i>El resultado final es un enorme impacto f\u00edsico, psicol\u00f3gico y social tanto para el paciente, como para los cuidadores y las familias<\/i><\/b><span style=\"font-weight: 400;\">\u201d, enfatiza.<\/span><\/p>\n<hr style=\"border: solid 1px #727272;\" \/>\n<p><b>PREVENCI\u00d3N Y DIAGN\u00d3STICO PRECOZ<\/b><\/p>\n<p><span style=\"font-weight: 400;\">Dorman explica que <\/span><b>existe evidencia que hoy respalda la presencia de al menos 12 factores de riesgo modificables potencialmente para la demencia<\/b><span style=\"font-weight: 400;\">. \u00bfCu\u00e1les? <\/span><b>Menor educaci\u00f3n, hipertensi\u00f3n, discapacidad auditiva, tabaquismo, obesidad, depresi\u00f3n, inactividad f\u00edsica, diabetes, bajo contacto social, el consumo excesivo de alcohol, la lesi\u00f3n cerebral traum\u00e1tica (TBI) y la contaminaci\u00f3n del aire<\/b><span style=\"font-weight: 400;\">. \u201c<\/span><i><span style=\"font-weight: 400;\">Juntos, <\/span><\/i><b><i>los 12 factores de riesgo modificables representan alrededor del 40% de las demencias en todo el mundo<\/i><\/b><i><span style=\"font-weight: 400;\"> que en consecuencia te\u00f3ricamente podr\u00edan prevenirse o retrasarse. <\/span><\/i><b><i>El potencial de prevenci\u00f3n es alto<\/i><\/b><i><span style=\"font-weight: 400;\"> y podr\u00eda ser mayor en los pa\u00edses de ingresos bajos y medios donde ocurren m\u00e1s demencias<\/span><\/i><span style=\"font-weight: 400;\">\u201d, argumenta.<\/span><\/p>\n<p><b>La prevenci\u00f3n tiene que ver con la pol\u00edtica y los individuos y las acciones requieren tanto programas de salud p\u00fablica como intervenciones individualizadas.<\/b><span style=\"font-weight: 400;\"> En todos los casos, se trata de factores modificables por lo que mediante diferentes iniciativas se podr\u00eda disminuir el riesgo de que se manifieste la enfermedad de Alzheimer. Esto se puede lograr a trav\u00e9s <\/span><b>de la adopci\u00f3n de ciertos h\u00e1bitos como: el ejercicio f\u00edsico aer\u00f3bico regular, la estimulaci\u00f3n cognitiva, una dieta saludable, el control adecuado de los factores de riesgo cardiovasculares, un sue\u00f1o adecuado, la disminuci\u00f3n del estr\u00e9s, la protecci\u00f3n de golpes en la cabeza, el cuidado de la audici\u00f3n y el mantenimiento de una actividad social significativa<\/b><span style=\"font-weight: 400;\">.<\/span><\/p>\n<p><span style=\"font-weight: 400;\">Por su parte, <\/span><b>el diagn\u00f3stico precoz de la enfermedad resulta clave por varias razones<\/b><span style=\"font-weight: 400;\">:<\/span><\/p>\n<ol>\n<li style=\"font-weight: 400;\" aria-level=\"1\"><b>Permite la intervenci\u00f3n m\u00e9dica oportuna y el inicio de tratamientos adecuados<\/b><span style=\"font-weight: 400;\">. Si bien no existe cura para la enfermedad de Alzheimer, ciertos medicamentos e intervenciones pueden ayudar a controlar los s\u00edntomas y ralentizar la progresi\u00f3n de la enfermedad.\u00a0<\/span><\/li>\n<li style=\"font-weight: 400;\" aria-level=\"1\"><b>Mejora la calidad de vida. <\/b><span style=\"font-weight: 400;\">Las personas y sus familias pueden planificar mejor el futuro y tomar decisiones informadas.<\/span><\/li>\n<li style=\"font-weight: 400;\" aria-level=\"1\"><b>Algunas intervenciones,<\/b><span style=\"font-weight: 400;\"> como el entrenamiento cognitivo y los programas de rehabilitaci\u00f3n, <\/span><b>son m\u00e1s efectivas cuando se implementan en las primeras etapas<\/b><span style=\"font-weight: 400;\"> de la enfermedad.\u00a0<\/span><\/li>\n<li style=\"font-weight: 400;\" aria-level=\"1\"><b>Brinda a los cuidadores la oportunidad de acceder a recursos, educaci\u00f3n y servicios de apoyo<\/b><span style=\"font-weight: 400;\"> que pueden ayudarlos a cuidar eficazmente a sus seres queridos.\u00a0<\/span><\/li>\n<li style=\"font-weight: 400;\" aria-level=\"1\"><b>Permite a las personas expresar sus deseos con respecto a su atenci\u00f3n<\/b><span style=\"font-weight: 400;\">, preferencias de tratamiento y decisiones al final de la vida.<\/span><\/li>\n<li style=\"font-weight: 400;\" aria-level=\"1\"><b>Motiva a las personas a adoptar un estilo de vida saludable para el cerebro<\/b><span>, que incluye ejercicio regular, una dieta equilibrada, estimulaci\u00f3n mental, participaci\u00f3n social y control de otras afecciones de salud.<\/span><\/li>\n<\/ol>\n<hr style=\"border: solid 1px #727272;\" \/>\n<p><b>EL ROL DE LA FAMILIA<\/b><\/p>\n<p><span style=\"font-weight: 400;\">Tener un miembro de la familia con la enfermedad de Alzheimer <\/span><b>puede tener un impacto amplio y profundo en la misma<\/b><span style=\"font-weight: 400;\">. Los <\/span><b>efectos son emocionales, pr\u00e1cticos y, a menudo, duraderos. Puede producir impacto emocional, estr\u00e9s del cuidador, cambios en la din\u00e1mica familiar, tensi\u00f3n financiera, alteraci\u00f3n en la vida diaria<\/b><span style=\"font-weight: 400;\">. \u201c<\/span><i><span style=\"font-weight: 400;\">Es importante que las familias busquen apoyo y recursos que les ayuden a afrontar los desaf\u00edos de la enfermedad de Alzheimer. Los grupos de apoyo, el asesoramiento, los cuidados de relevo y los programas educativos pueden proporcionar una valiosa ayuda para gestionar los aspectos emocionales y pr\u00e1cticos del cuidado de un familiar con Alzheimer<\/span><\/i><span style=\"font-weight: 400;\">\u201d, concluye el profesional.<\/span><\/p>\n<div style=\"border: 1px solid #727272; border-radius: 20px; padding: 20px;\">\n<p><b>EL ALZHEIMER EN N\u00daMEROS<\/b><\/p>\n<p><span style=\"font-weight: 400;\">Es <\/span><b>una de las principales causas de muerte en nuestro pa\u00eds<\/b><span style=\"font-weight: 400;\">. Se estima que el Alzheimer <\/span><b>afecta a m\u00e1s de 300.000 argentinos y al menos a 44 millones de personas en el mundo<\/b><span style=\"font-weight: 400;\">. Por eso, es la <\/span><b>causa de demencia m\u00e1s com\u00fan con un 70% del total de los casos<\/b><span style=\"font-weight: 400;\">. En <\/span><b>la Argentina se estima que afecta a 1 de cada 10 personas mayores de 65 a\u00f1os<\/b><span style=\"font-weight: 400;\">. La <\/span><b>OMS calcula que m\u00e1s de 55 millones de personas<\/b><span style=\"font-weight: 400;\"> (el 8,1% de las mujeres y el 5,4% de los hombres mayores de 65 a\u00f1os) <\/span><b>viven con demencia, un total de 10,3 millones en la Regi\u00f3n de las Am\u00e9ricas<\/b><span style=\"font-weight: 400;\">. Se calcula que esta cifra <\/span><b>aumentar\u00e1 a 78 millones para 2030 y a 139 millones para 2050<\/b><span style=\"font-weight: 400;\">.\u00a0 Cada 3,2 segundos, un nuevo caso de demencia ocurre en alg\u00fan lugar del mundo.<\/span><\/p>\n<p><span style=\"font-weight: 400;\">M\u00e1s informaci\u00f3n: <a href=\"http:\/\/www.ineco.org.ar\" target=\"_blank\" rel=\"noopener\">www.ineco.org.ar<\/a>\u00a0<\/span><\/p>\n<\/div>\n","protected":false},"excerpt":{"rendered":"<p>Cada 21 de septiembre se celebra el D\u00eda Mundial del Alzheimer, fecha establecida por Alzheimer &#8216;s Disease International (ADI) en colaboraci\u00f3n con la Organizaci\u00f3n Mundial de la Salud (OMS) con el objetivo de crear conciencia y promover la comprensi\u00f3n sobre la enfermedad y otras formas de demencia a escala global. Seg\u00fan explica el Dr. Guido [&hellip;]<\/p>\n","protected":false},"author":1,"featured_media":3117,"comment_status":"open","ping_status":"open","sticky":false,"template":"","format":"standard","meta":{"_acf_changed":false,"footnotes":""},"categories":[14],"tags":[],"class_list":["post-3116","post","type-post","status-publish","format-standard","has-post-thumbnail","hentry","category-calidad-de-vida"],"acf":[],"_links":{"self":[{"href":"https:\/\/www.experta.com.ar\/index.php\/wp-json\/wp\/v2\/posts\/3116","targetHints":{"allow":["GET"]}}],"collection":[{"href":"https:\/\/www.experta.com.ar\/index.php\/wp-json\/wp\/v2\/posts"}],"about":[{"href":"https:\/\/www.experta.com.ar\/index.php\/wp-json\/wp\/v2\/types\/post"}],"author":[{"embeddable":true,"href":"https:\/\/www.experta.com.ar\/index.php\/wp-json\/wp\/v2\/users\/1"}],"replies":[{"embeddable":true,"href":"https:\/\/www.experta.com.ar\/index.php\/wp-json\/wp\/v2\/comments?post=3116"}],"version-history":[{"count":0,"href":"https:\/\/www.experta.com.ar\/index.php\/wp-json\/wp\/v2\/posts\/3116\/revisions"}],"wp:featuredmedia":[{"embeddable":true,"href":"https:\/\/www.experta.com.ar\/index.php\/wp-json\/wp\/v2\/media\/3117"}],"wp:attachment":[{"href":"https:\/\/www.experta.com.ar\/index.php\/wp-json\/wp\/v2\/media?parent=3116"}],"wp:term":[{"taxonomy":"category","embeddable":true,"href":"https:\/\/www.experta.com.ar\/index.php\/wp-json\/wp\/v2\/categories?post=3116"},{"taxonomy":"post_tag","embeddable":true,"href":"https:\/\/www.experta.com.ar\/index.php\/wp-json\/wp\/v2\/tags?post=3116"}],"curies":[{"name":"wp","href":"https:\/\/api.w.org\/{rel}","templated":true}]}}