{"id":3092,"date":"2023-08-10T17:39:08","date_gmt":"2023-08-10T15:39:08","guid":{"rendered":"https:\/\/www.experta.com.ar\/index.php\/2023\/08\/10\/dengue\/"},"modified":"2023-08-10T17:39:08","modified_gmt":"2023-08-10T15:39:08","slug":"dengue","status":"publish","type":"post","link":"https:\/\/www.experta.com.ar\/index.php\/dengue\/","title":{"rendered":"DENGUE"},"content":{"rendered":"<p><span style=\"font-weight: 400;\">En el marco del <\/span><b>D\u00eda Internacional del Dengue<\/b><span style=\"font-weight: 400;\"> que se celebra cada <\/span><b>26 de agosto para concientizar sobre esta enfermedad y recordar las medidas de prevenci\u00f3n<\/b><span style=\"font-weight: 400;\"> para minimizar los contagios y su propagaci\u00f3n, es importante <\/span><b>comprender la situaci\u00f3n actual que se vive en la regi\u00f3n.<\/b><span style=\"font-weight: 400;\"> Como explica la Dra. Susana Lloveras, m\u00e9dica Infect\u00f3loga, certificada en Medicina del Viajero por la Sociedad Internacional de Medicina del Viajero (International Society of Travel Medicine-ISTM) y miembro fundadora y expresidente de la Sociedad Latinoamericana de Medicina del Viajero(SLAMVI), <\/span><b>no solo debemos evaluar la situaci\u00f3n de la Argentina sino mirar qu\u00e9 es lo que pas\u00f3 o est\u00e1 pasando en la Regi\u00f3n de las Am\u00e9ricas<\/b><span style=\"font-weight: 400;\"> ya que esto es importante por la circulaci\u00f3n de las personas de un lado a otro. \u201c<\/span><b><i>En la regi\u00f3n de Am\u00e9rica, el dengue es la arbovirosis con mayor n\u00famero de casos reportados y ocurren brotes de manera c\u00edclica cada 3 a 5 a\u00f1os<\/i><\/b><i><span style=\"font-weight: 400;\">. Esto tiene importancia por los viajeros que pueden regresar con dengue a zonas donde hay presencia del vector. <\/span><\/i><b><i>En la Argentina en la temporada 2022-2023 se registraron hasta el 16 de julio 128.511casos de dengue<\/i><\/b><i><span style=\"font-weight: 400;\">. De este n\u00famero, 120.092 fueron aut\u00f3ctonos, 1.424 importados y alrededor de 6.000 se encuentran a\u00fan en investigaci\u00f3n. <\/span><\/i><b><i>Es el brote m\u00e1s importante ocurrido en las \u00faltimas temporadas y se vieron afectadas 18 jurisdicciones<\/i><\/b> <b><i>donde se confirm\u00f3 la circulaci\u00f3n aut\u00f3ctona de dengue<\/i><\/b><b>: <\/b><i><span style=\"font-weight: 400;\">todas las provincias de la regi\u00f3n Centro (Buenos Aires, CABA, C\u00f3rdoba, Entre R\u00edos y Santa Fe); todas las de la regi\u00f3n NOA (Catamarca, Jujuy, La Rioja, Salta, Santiago del Estero y Tucum\u00e1n); todas las de la regi\u00f3n NEA (Chaco, Corrientes, Formosa y Misiones); San Luis y Mendoza en la regi\u00f3n Cuyo y La Pampa en la regi\u00f3n Sur.<\/span><\/i><\/p>\n<hr style=\"border: solid 1px #727272;\" \/>\n<p><b>VACUNAS<\/b><\/p>\n<p><span style=\"font-weight: 400;\">\u00bfHay vacunas para el dengue? \u00bfEst\u00e1n disponibles en la Argentina? \u00bfPara qui\u00e9nes est\u00e1n recomendadas? Seg\u00fan explica la especialista, <\/span><b>hay dos vacunas que fueron aprobadas<\/b><span style=\"font-weight: 400;\"> por la Administraci\u00f3n Nacional de Alimentos, Medicamentos y Tecnolog\u00eda M\u00e9dica (ANMAT) <\/span><b>en la Argentina, una de ellas en el a\u00f1o 2017 que es del Laboratorio Sanofi (DENGVAXIA\u00ae) y otra recientemente aprobada del Laboratorio Takeda (QDENGA\u00ae). Sin embargo, ninguna de ellas se comercializa en este momento en el pa\u00eds<\/b><span style=\"font-weight: 400;\">. <\/span><b>Puede ser que QDENGA\u00ae est\u00e9 disponible durante este a\u00f1o, pero sin una fecha clara.<\/b><span style=\"font-weight: 400;\"> \u201c<\/span><i><span style=\"font-weight: 400;\">Es una vacuna que fue aprobada a partir de los 4 a\u00f1os, pero al tratarse de una vacuna a virus vivo atenuado no puede ser aplicada en todas las personas. <\/span><\/i><b><i>El esquema de vacunaci\u00f3n es de dos dosis a los 0 y 3 meses<\/i><\/b><span style=\"font-weight: 400;\">\u201d, detalla.\u00a0<\/span><\/p>\n<p><span style=\"font-weight: 400;\">La vacuna DENGVAXIA\u00ae se puede aplicar en personas entre los 9 y los 45 a\u00f1os <\/span><b>con antecedente de infecci\u00f3n previa por dengue que debe ser confirmada por una prueba de laboratorio<\/b><span style=\"font-weight: 400;\">. Es decir que hayan tenido dengue anteriormente y esto est\u00e9 confirmado por laboratorio. \u201c<\/span><i><span style=\"font-weight: 400;\">Como la anterior es una vacuna a virus vivos atenuada, por lo cual tampoco la pueden recibir todas las personas. Tiene contraindicaciones para ser utilizada en embarazadas, mujeres en periodo de lactancia, inmunodeprimidos y personas con hipersensibilidad a cualquiera de los componentes de la vacuna<\/span><\/i><span style=\"font-weight: 400;\">\u201d, explica.<\/span><\/p>\n<p><span style=\"font-weight: 400;\">Como podemos ver, si bien el desarrollo de vacunas est\u00e1 en avance, hoy todav\u00eda no son una realidad en el pa\u00eds. Incluso si QDENGA\u00ae llegara en los pr\u00f3ximos meses a la Argentina, con el intervalo entre las 2 dosis del esquema, no llegar\u00edamos a inmunizar a la poblaci\u00f3n que corresponda antes del verano. <\/span><\/p>\n<hr style=\"border: solid 1px #727272;\" \/>\n<p><b>PREVENCI\u00d3N, EL MEJOR CAMINO<\/b><\/p>\n<p><span style=\"font-weight: 400;\">\u00bfCu\u00e1l es la temporada \u201calta\u201d de mosquitos? \u00bfQu\u00e9 podemos hacer? La temporada fuerte de mosquitos depende mucho del \u00e1rea geogr\u00e1fica, de las condiciones clim\u00e1ticas y de precipitaciones como as\u00ed tambi\u00e9n de la movilidad de personas y el ingreso de personas con virus en sangre (viremia) en lugares donde est\u00e1 el vector. <\/span><b>En algunas regiones puede comenzar en el final de la primavera y el comienzo del verano<\/b><span style=\"font-weight: 400;\">. <\/span><b>Esto no es uniforme en todas las regiones ni en todos los brotes<\/b><span style=\"font-weight: 400;\"> (recordemos que este 2023 hubo brotes durante oto\u00f1o en la Argentina).\u00a0<\/span><\/p>\n<p><span style=\"font-weight: 400;\">La forma de <\/span><b>prevenci\u00f3n<\/b><span style=\"font-weight: 400;\"> m\u00e1s eficaz es <\/span><b>controlar las poblaciones de mosquitos<\/b><span style=\"font-weight: 400;\"> (durante todo el a\u00f1o). Para ello <\/span><b>hay que evitar que los mosquitos encuentren lugares donde depositar sus huevos. \u00bfQu\u00e9 hacer?&#8230;\u00a0<\/b><\/p>\n<ul>\n<li style=\"font-weight: 400;\" aria-level=\"1\"><span style=\"font-weight: 400;\">Cubrir, vaciar y limpiar peri\u00f3dicamente los recipientes donde se almacena agua para uso dom\u00e9stico.<\/span><\/li>\n<li style=\"font-weight: 400;\" aria-level=\"1\"><span style=\"font-weight: 400;\">Limpiar las canaletas, bebederos de animales o lugares donde se almacena agua para otros usos.<\/span><\/li>\n<li style=\"font-weight: 400;\" aria-level=\"1\"><span style=\"font-weight: 400;\">Mantener el c\u00e9sped corto.<\/span><\/li>\n<li style=\"font-weight: 400;\" aria-level=\"1\"><span style=\"font-weight: 400;\">Cambiar regularmente el agua de floreros.<\/span><\/li>\n<li style=\"font-weight: 400;\" aria-level=\"1\"><span style=\"font-weight: 400;\">Evitar el acumulo de basura y residuos.<\/span><\/li>\n<\/ul>\n<p><b>Y para evitar las picaduras en las personas\u2026<\/b><\/p>\n<ul>\n<li style=\"font-weight: 400;\" aria-level=\"1\"><span style=\"font-weight: 400;\">Utilizar repelentes sobre la piel y tambi\u00e9n insecticidas de ambiente o tules mosquiteros o mosquiteros en puertas y ventanas, entre otros.\u00a0<\/span><\/li>\n<\/ul>\n<p><span style=\"font-weight: 400;\">M\u00e1s informaci\u00f3n: <\/span><a href=\"https:\/\/www.slamvi.org\/web\/\" target=\"_blank\" rel=\"noopener\"><span style=\"font-weight: 400;\">https:\/\/www.slamvi.org\/web\/<\/span><\/a><\/p>\n","protected":false},"excerpt":{"rendered":"<p>En el marco del D\u00eda Internacional del Dengue que se celebra cada 26 de agosto para concientizar sobre esta enfermedad y recordar las medidas de prevenci\u00f3n para minimizar los contagios y su propagaci\u00f3n, es importante comprender la situaci\u00f3n actual que se vive en la regi\u00f3n. Como explica la Dra. Susana Lloveras, m\u00e9dica Infect\u00f3loga, certificada en [&hellip;]<\/p>\n","protected":false},"author":1,"featured_media":3093,"comment_status":"open","ping_status":"open","sticky":false,"template":"","format":"standard","meta":{"_acf_changed":false,"footnotes":""},"categories":[14],"tags":[],"class_list":["post-3092","post","type-post","status-publish","format-standard","has-post-thumbnail","hentry","category-calidad-de-vida"],"acf":[],"_links":{"self":[{"href":"https:\/\/www.experta.com.ar\/index.php\/wp-json\/wp\/v2\/posts\/3092","targetHints":{"allow":["GET"]}}],"collection":[{"href":"https:\/\/www.experta.com.ar\/index.php\/wp-json\/wp\/v2\/posts"}],"about":[{"href":"https:\/\/www.experta.com.ar\/index.php\/wp-json\/wp\/v2\/types\/post"}],"author":[{"embeddable":true,"href":"https:\/\/www.experta.com.ar\/index.php\/wp-json\/wp\/v2\/users\/1"}],"replies":[{"embeddable":true,"href":"https:\/\/www.experta.com.ar\/index.php\/wp-json\/wp\/v2\/comments?post=3092"}],"version-history":[{"count":0,"href":"https:\/\/www.experta.com.ar\/index.php\/wp-json\/wp\/v2\/posts\/3092\/revisions"}],"wp:featuredmedia":[{"embeddable":true,"href":"https:\/\/www.experta.com.ar\/index.php\/wp-json\/wp\/v2\/media\/3093"}],"wp:attachment":[{"href":"https:\/\/www.experta.com.ar\/index.php\/wp-json\/wp\/v2\/media?parent=3092"}],"wp:term":[{"taxonomy":"category","embeddable":true,"href":"https:\/\/www.experta.com.ar\/index.php\/wp-json\/wp\/v2\/categories?post=3092"},{"taxonomy":"post_tag","embeddable":true,"href":"https:\/\/www.experta.com.ar\/index.php\/wp-json\/wp\/v2\/tags?post=3092"}],"curies":[{"name":"wp","href":"https:\/\/api.w.org\/{rel}","templated":true}]}}