{"id":3052,"date":"2023-07-13T18:57:33","date_gmt":"2023-07-13T16:57:33","guid":{"rendered":"https:\/\/www.experta.com.ar\/index.php\/2023\/07\/13\/si-todo-es-urgente-nada-lo-es\/"},"modified":"2025-11-17T21:55:32","modified_gmt":"2025-11-17T20:55:32","slug":"si-todo-es-urgente-nada-lo-es","status":"publish","type":"post","link":"https:\/\/www.experta.com.ar\/index.php\/si-todo-es-urgente-nada-lo-es\/","title":{"rendered":"SI TODO ES URGENTE, NADA LO ES"},"content":{"rendered":"<p><span style=\"font-weight: 400;\">Es real: a\u00fan en varias organizaciones sigue existiendo una gesti\u00f3n basada en la urgencia, donde todo es para ya y nada puede esperar. Trabajadores 24\/7 corriendo de aqu\u00ed para all\u00e1 a un ritmo fren\u00e9tico. \u00bfA qu\u00e9 se debe? Seg\u00fan explica la licenciada Natalia Romero, Coach Laboral, <\/span><b>la gesti\u00f3n basada en la urgencia b\u00e1sicamente se da por falta de organizaci\u00f3n y recursos como tiempo y personas<\/b><span style=\"font-weight: 400;\">. Puede ser la foto de un momento espec\u00edfico, debido a cambios organizacionales, o una din\u00e1mica de trabajo permanente. \u201c<\/span><b><i>Principalmente lo que suele desembocar en el \u2018todo para ya\u2019 es la falta de definici\u00f3n previa acerca de cu\u00e1l es el principal objetivo de la organizaci\u00f3n y su traducci\u00f3n cuantificable en las tareas diarias de cada puesto<\/i><\/b><i><span style=\"font-weight: 400;\">. As\u00ed es como en ocasiones nos encontramos con <\/span><\/i><b><i>colaboradores ocupados al 100% en su jornada laboral sin ser productivos<\/i><\/b><i><span style=\"font-weight: 400;\">. Se evidencia de esta forma que pueden estar desempe\u00f1ando su funci\u00f3n, pero si no existe alineaci\u00f3n con la misi\u00f3n y visi\u00f3n la urgencia ganar\u00e1 terreno. Sobre todo, si se quiere dar respuesta a todos las demandas, pedidos y reclamos en el momento sin un <\/span><\/i><b><i>orden de prioridades<\/i><\/b><span style=\"font-weight: 400;\">\u201d, argumenta la especialista.\u00a0<\/span><\/p>\n<p><span style=\"font-weight: 400;\">Este <\/span><b>tipo de gesti\u00f3n tambi\u00e9n puede ser generada por objetivos demasiado ambiciosos sin un plan de desarrollo trazado<\/b><span style=\"font-weight: 400;\">. Es importante ser conscientes que el sentido de urgencia no puede mantenerse eternamente dado que pierde significado como tal. \u201c<\/span><b><i>Gestionar contrarreloj constantemente es antiproductivo y afecta la calidad del producto o servicio brindado<\/i><\/b><i><span style=\"font-weight: 400;\">. Tener urgencia no significa hacer las cosas apresuradamente. En ocasiones puede tener que ver tambi\u00e9n con falta de comunicaci\u00f3n<\/span><\/i><span style=\"font-weight: 400;\">\u201d, explica.<\/span><\/p>\n<hr style=\"border: solid 1px #727272;\" \/>\n<p><b>EFECTO CONTRAPRODUCENTE<\/b><\/p>\n<p><span style=\"font-weight: 400;\">Una <\/span><span style=\"font-weight: 400;\">gesti\u00f3n del tiempo<\/span><span style=\"font-weight: 400;\"> contrarreloj es antiproductiva y trae aparejada varias <\/span><b>consecuencias negativas para el equipo de trabajo<\/b><span style=\"font-weight: 400;\">. Entre ellas, la especialista menciona:<\/span><\/p>\n<ol>\n<li style=\"font-weight: 400;\" aria-level=\"1\"><b>Agotamiento<\/b><span style=\"font-weight: 400;\">. Reducci\u00f3n en la capacidad de concentraci\u00f3n y fatiga.<\/span><\/li>\n<li style=\"font-weight: 400;\" aria-level=\"1\"><b>Burnout o s\u00edndrome del quemado<\/b><span style=\"font-weight: 400;\">. Estado de agotamiento f\u00edsico, emocional o mental que tiene consecuencias en la autoestima.<\/span><\/li>\n<li style=\"font-weight: 400;\" aria-level=\"1\"><b>Ansiedad<\/b><span style=\"font-weight: 400;\">. Sentimiento de malestar y alerta continua que a la vez nos provoca miedo por lo cual podemos llegar a aplazar responsabilidades.<\/span><\/li>\n<li style=\"font-weight: 400;\" aria-level=\"1\"><b>Desmotivaci\u00f3n y problemas para dormir<\/b><span style=\"font-weight: 400;\">.<\/span><\/li>\n<\/ol>\n<p><span style=\"font-weight: 400;\">\u201c<\/span><i><span style=\"font-weight: 400;\">Todos estos factores<\/span><\/i><b><i> atentan contra el bienestar personal y laboral<\/i><\/b><i><span style=\"font-weight: 400;\"> impactando en el clima laboral de la organizaci\u00f3n<\/span><\/i><span style=\"font-weight: 400;\">\u201d, argumenta.<\/span><\/p>\n<hr style=\"border: solid 1px #727272;\" \/>\n<p><b>GESTI\u00d3N SALUDABLE<\/b><\/p>\n<p><span style=\"font-weight: 400;\">Como empresas, claro est\u00e1, <\/span><b>podemos llevar adelante una gesti\u00f3n m\u00e1s saludable que sea beneficiosa para el trabajador y para la compa\u00f1\u00eda<\/b><span style=\"font-weight: 400;\">. Como explica Romero, para dar posibles respuestas y soluciones en este sentido hay que empezar por entender dos conceptos: urgente e importante.\u00a0<\/span><\/p>\n<ol>\n<li style=\"font-weight: 400;\" aria-level=\"1\"><b>Urgente:<\/b><span style=\"font-weight: 400;\"> que necesita ser realizado o solucionado con rapidez o lo antes posible.<\/span><\/li>\n<li style=\"font-weight: 400;\" aria-level=\"1\"><b>Importante: <\/b><span style=\"font-weight: 400;\">que tiene relevancia por su valor, magnitud, influencia u otras caracter\u00edsticas.<\/span><\/li>\n<\/ol>\n<p><span style=\"font-weight: 400;\">\u201c<\/span><i><span style=\"font-weight: 400;\">El desarrollo, crecimiento y solidez de una empresa depende de la organizaci\u00f3n. Aqu\u00ed las claves son la <\/span><\/i><b><i>definici\u00f3n de objetivos, la <\/i><\/b><b><i>planificaci\u00f3n estrat\u00e9gica<\/i><\/b><i><span style=\"font-weight: 400;\">, incluyendo definici\u00f3n de circuitos de trabajo habituales y de acci\u00f3n ante la urgencia para el producto o servicio que ofrezco y c\u00f3mo se resolver\u00eda. Y, por \u00faltimo, poder <\/span><\/i><b><i>diferenciar y asignar tareas espec\u00edficas a cada rol dado<\/i><\/b><i><span style=\"font-weight: 400;\">. Como se articula y organiza la estructura afectar\u00e1 la <\/span><\/i><i><span style=\"font-weight: 400;\">productividad y eficiencia<\/span><\/i><i><span style=\"font-weight: 400;\"> y permitir\u00e1 un mayor <\/span><\/i><i><span style=\"font-weight: 400;\">enfoque y concentraci\u00f3n<\/span><\/i><i><span style=\"font-weight: 400;\"> de cada colaborador\u201d, <\/span><\/i><span style=\"font-weight: 400;\">detalla Romero.<\/span><\/p>\n<p><b>El cambio de una gesti\u00f3n basada en la urgencia a otra que se enfoque en lo importante lo marcar\u00e1 la capacidad de tomar medidas activas y proactivas <\/b><span style=\"font-weight: 400;\">generadas por la observaci\u00f3n de resultados y proyecci\u00f3n de objetivos a corto, mediano y largo plazo. \u201c<\/span><i><span style=\"font-weight: 400;\">Con acciones correctivas como la <\/span><\/i><b><i>definici\u00f3n de objetivos cuantificables, establecer procesos, usar tecnolog\u00eda, documentar y estructurar actividades<\/i><\/b><i><span style=\"font-weight: 400;\"> se puede establecer <\/span><\/i><b><i>un orden que permita a las personas lograr un mayor equilibrio entre la vida laboral y personal<\/i><\/b><span style=\"font-weight: 400;\">\u201d, ejemplifica la especialista.\u00a0<\/span><\/p>\n<p><span style=\"font-weight: 400;\">Tambi\u00e9n se trata de <\/span><b>disponer de las personas y elementos para que la urgencia sea un caso aislado siempre que la actividad as\u00ed lo permita, o en caso de que sea una constante incluirla dentro de la normalidad de la empresa y diagramarla<\/b><span style=\"font-weight: 400;\">.<\/span><\/p>\n<hr style=\"border: solid 1px #727272;\" \/>\n<p><b>EJERCICIO PR\u00c1CTICO<\/b><\/p>\n<p><span style=\"font-weight: 400;\">Una vez definidos los puntos anteriores, la <\/span><b>matriz de Eisenhower puede ser \u00fatil para clasificar los pendientes y lograr un mayor equilibrio <\/b><span style=\"font-weight: 400;\">entre la vida laboral y personal. \u00bfC\u00f3mo funciona? Realizar una grilla con 4 cuadrantes:<\/span><\/p>\n<p><img fetchpriority=\"high\" decoding=\"async\" class=\"alignnone wp-image-7922 size-full\" src=\"https:\/\/www.experta.com.ar\/blogg\/wp-content\/uploads\/sites\/2\/2023\/07\/unnamed.jpg\" alt=\"\" width=\"512\" height=\"288\" \/><\/p>\n<ul>\n<li style=\"font-weight: 400;\" aria-level=\"1\"><span style=\"font-weight: 400;\">En el primer cuadrante, margen superior izquierdo, <\/span><b>ubicamos todas las tareas importantes y urgentes<\/b><span style=\"font-weight: 400;\">. Es decir, aquellas que necesitan resoluci\u00f3n a corto plazo.<\/span><\/li>\n<li style=\"font-weight: 400;\" aria-level=\"1\"><span style=\"font-weight: 400;\">En el segundo cuadrante, sobre el margen superior derecho, <\/span><b>colocamos todos aquellos pendientes que son importantes, pero no urgentes<\/b><span style=\"font-weight: 400;\"> y que por lo tanto pueden realizarse a mediano o largo plazo.<\/span><\/li>\n<li style=\"font-weight: 400;\" aria-level=\"1\"><span style=\"font-weight: 400;\">El tercer cuadrante, margen inferior izquierdo, <\/span><b>aplica para todo aquello que es urgente pero no prioritario<\/b><span style=\"font-weight: 400;\"> y que podemos delegar.<\/span><\/li>\n<li style=\"font-weight: 400;\" aria-level=\"1\">El cuarto y \u00faltimo cuadrante <b>contiene todo aquello que puede eliminarse por representar una p\u00e9rdida de tiempo<\/b> y no agregar ning\u00fan beneficio o valor.<\/li>\n<\/ul>\n","protected":false},"excerpt":{"rendered":"<p>Es real: a\u00fan en varias organizaciones sigue existiendo una gesti\u00f3n basada en la urgencia, donde todo es para ya y nada puede esperar. Trabajadores 24\/7 corriendo de aqu\u00ed para all\u00e1 a un ritmo fren\u00e9tico. \u00bfA qu\u00e9 se debe? Seg\u00fan explica la licenciada Natalia Romero, Coach Laboral, la gesti\u00f3n basada en la urgencia b\u00e1sicamente se da [&hellip;]<\/p>\n","protected":false},"author":1,"featured_media":3054,"comment_status":"open","ping_status":"open","sticky":false,"template":"","format":"standard","meta":{"_acf_changed":false,"footnotes":""},"categories":[11],"tags":[],"class_list":["post-3052","post","type-post","status-publish","format-standard","has-post-thumbnail","hentry","category-cerca-de-tu-negocio"],"acf":[],"_links":{"self":[{"href":"https:\/\/www.experta.com.ar\/index.php\/wp-json\/wp\/v2\/posts\/3052","targetHints":{"allow":["GET"]}}],"collection":[{"href":"https:\/\/www.experta.com.ar\/index.php\/wp-json\/wp\/v2\/posts"}],"about":[{"href":"https:\/\/www.experta.com.ar\/index.php\/wp-json\/wp\/v2\/types\/post"}],"author":[{"embeddable":true,"href":"https:\/\/www.experta.com.ar\/index.php\/wp-json\/wp\/v2\/users\/1"}],"replies":[{"embeddable":true,"href":"https:\/\/www.experta.com.ar\/index.php\/wp-json\/wp\/v2\/comments?post=3052"}],"version-history":[{"count":1,"href":"https:\/\/www.experta.com.ar\/index.php\/wp-json\/wp\/v2\/posts\/3052\/revisions"}],"predecessor-version":[{"id":3053,"href":"https:\/\/www.experta.com.ar\/index.php\/wp-json\/wp\/v2\/posts\/3052\/revisions\/3053"}],"wp:featuredmedia":[{"embeddable":true,"href":"https:\/\/www.experta.com.ar\/index.php\/wp-json\/wp\/v2\/media\/3054"}],"wp:attachment":[{"href":"https:\/\/www.experta.com.ar\/index.php\/wp-json\/wp\/v2\/media?parent=3052"}],"wp:term":[{"taxonomy":"category","embeddable":true,"href":"https:\/\/www.experta.com.ar\/index.php\/wp-json\/wp\/v2\/categories?post=3052"},{"taxonomy":"post_tag","embeddable":true,"href":"https:\/\/www.experta.com.ar\/index.php\/wp-json\/wp\/v2\/tags?post=3052"}],"curies":[{"name":"wp","href":"https:\/\/api.w.org\/{rel}","templated":true}]}}