{"id":3049,"date":"2023-07-13T18:54:28","date_gmt":"2023-07-13T16:54:28","guid":{"rendered":"https:\/\/www.experta.com.ar\/index.php\/2023\/07\/13\/por-que-roncamos\/"},"modified":"2023-07-13T18:54:28","modified_gmt":"2023-07-13T16:54:28","slug":"por-que-roncamos","status":"publish","type":"post","link":"https:\/\/www.experta.com.ar\/index.php\/por-que-roncamos\/","title":{"rendered":"\u00bfPOR QU\u00c9 RONCAMOS?"},"content":{"rendered":"<p><b>Roncar es algo frecuente que afecta a varias personas<\/b><span style=\"font-weight: 400;\">: qui\u00e9nes lo padecen y aquellos convivientes que descansan con la persona que ronca. \u00bfA qu\u00e9 se deben los ronquidos? \u00bfHay soluci\u00f3n? \u00bfQu\u00e9 son? Seg\u00fan explica Diego Mart\u00edn Folgueira otorrinolaring\u00f3logo del Hospital Alem\u00e1n (HA), <\/span><b>el ronquido es un ruido nocturno que se da por relajaci\u00f3n y vibraci\u00f3n de las estructuras nasales, orales y far\u00edngeas, que generan es una obstrucci\u00f3n parcial de la v\u00eda respiratoria alta<\/b><span style=\"font-weight: 400;\">. En esa obstrucci\u00f3n, <\/span><b>el paso de aire genera un ruido anormal vinculado a una relajaci\u00f3n muscular<\/b><span style=\"font-weight: 400;\"> que se produce tambi\u00e9n durante el sue\u00f1o.<\/span><\/p>\n<hr style=\"border: solid 1px #727272;\" \/>\n<p><b>CU\u00c1LES SON LAS CAUSAS DEL RONQUIDO<\/b><span style=\"font-weight: 400;\"><br \/>\n<\/span><span style=\"font-weight: 400;\">Como toda situaci\u00f3n an\u00f3mala el ronquido tiene un factor que lo produce. <\/span><b>Como explica Folgueira en el 80% de los pacientes las causas, en general, son tres:\u00a0<\/b><\/p>\n<ol>\n<li style=\"font-weight: 400;\" aria-level=\"1\"><span style=\"font-weight: 400;\">La <\/span><b>insuficiencia ventilatoria nasal<\/b><\/li>\n<li style=\"font-weight: 400;\" aria-level=\"1\"><span style=\"font-weight: 400;\">La <\/span><b>hipertrofia amigdalina<\/b><span style=\"font-weight: 400;\">\u00a0<\/span><\/li>\n<li style=\"font-weight: 400;\" aria-level=\"1\"><b>El sobrepeso, sobre todo. Es la causa esencial<\/b><span style=\"font-weight: 400;\">.\u00a0<\/span><\/li>\n<\/ol>\n<p><span style=\"font-weight: 400;\">Y agrega que <\/span><b>hay aproximadamente un 20% de pacientes, <\/b><span style=\"font-weight: 400;\">denominados roncadores esenciales,<\/span> <span style=\"font-weight: 400;\">a los cuales el ronquido<\/span><b> se lo vincula con cuestiones anat\u00f3micas, <\/b><span style=\"font-weight: 400;\">muchas veces heredadas<\/span><b>, y a c\u00f3mo est\u00e1 conformada la v\u00eda a\u00e9rea<\/b><span style=\"font-weight: 400;\">.<\/span><\/p>\n<hr style=\"border: solid 1px #727272;\" \/>\n<p><b>CONSECUENCIAS DEL RONQUIDO EN EL SUE\u00d1O<\/b><\/p>\n<p><span style=\"font-weight: 400;\">En cuanto a su implicancia en el descanso el especialista aclara que <\/span><b>el ronquido \u2013en principio- no genera ning\u00fan trastorno en el sue\u00f1o espec\u00edficamente; lo que s\u00ed genera un trastorno en el sue\u00f1o y sobre todo en el descanso son las apneas de sue\u00f1o.<\/b><span style=\"font-weight: 400;\">\u00a0 \u00bfQu\u00e9 son? \u201c<\/span><b><i>Las apneas de sue\u00f1o son cuadros obstructivos de la v\u00eda a\u00e9rea en donde el ronquido se corta y cesa, generando un momento de falta de ingreso de aire <\/i><\/b><i><span style=\"font-weight: 400;\">y, por ende,<\/span><\/i><b><i> una disminuci\u00f3n de la presi\u00f3n de ox\u00edgeno que va generando despertares permanentes <\/i><\/b><i><span style=\"font-weight: 400;\">durante el sue\u00f1o. Esto <\/span><\/i><b><i>trae aparejado un mal descanso<\/i><\/b><i><span style=\"font-weight: 400;\">, ya que <\/span><\/i><b><i>nunca se llega a tener un sue\u00f1o del todo reparador<\/i><\/b><span style=\"font-weight: 400;\">\u201d, explica. A su vez el especialista agrega que adem\u00e1s hay otros trastornos que tambi\u00e9n van acompa\u00f1ados a las apneas de sue\u00f1o como las <\/span><b>dificultades en la concentraci\u00f3n<\/b><span style=\"font-weight: 400;\">, <\/span><b>cansancio<\/b><span style=\"font-weight: 400;\"> y <\/span><b>somnolencia diurna<\/b><span style=\"font-weight: 400;\">, <\/span><b>problemas de memoria, dolores de cabeza, irritabilidad, despertares bruscos<\/b><span style=\"font-weight: 400;\">, hasta problemas sexuales. Y suma un dato importante: teniendo en cuenta la cantidad de apneas, estas pueden separarse en <\/span><b>apneas leves, moderadas o severas<\/b><span style=\"font-weight: 400;\">.<\/span><\/p>\n<hr style=\"border: solid 1px #727272;\" \/>\n<p><b>CONSULTA Y TRATAMIENTO<\/b><\/p>\n<p><span style=\"font-weight: 400;\">\u00bfEs preciso consultar al m\u00e9dico? \u00bfEn qu\u00e9 momento? \u201c<\/span><b><i>Al m\u00e9dico hay que consultarlo ni bien hay sospechas de apneas <\/i><\/b><i><span style=\"font-weight: 400;\">como para poder, en principio, diferenciar si se trata de un cuadro leve de ronquidos sin ninguna otra sintomatolog\u00eda, o bien si el ronquido viene acompa\u00f1ado de apneas y de qu\u00e9 grado (leves, moderadas o severas). De acuerdo con el grado es la sintomatolog\u00eda que se puede llegar a presentar<\/span><\/i><span style=\"font-weight: 400;\">\u201d, explica y <\/span><b>agrega que, de todos modos, cualquier paciente que ronque puede consultar al m\u00e9dico genere o no genere s\u00edntomas<\/b><span style=\"font-weight: 400;\">.\u00a0<\/span><\/p>\n<p><span style=\"font-weight: 400;\">Con respecto al <\/span><b>tratamiento no hay uno solo, sino que este va a depender de la causa que lo genere<\/b><span style=\"font-weight: 400;\">. Si se trata de sobrepeso, el paciente va a tener que bajar de peso. Si es un cuadro obstructivo nasal habr\u00e1 que ver por qu\u00e9 respira mal y cu\u00e1l es la causa. En el caso que sea una cuesti\u00f3n de am\u00edgdalas grandes, se pueden cambiar h\u00e1bitos alimentarios, h\u00e1bitos de dormir o las medicaciones. \u201c<\/span><i><span style=\"font-weight: 400;\">Y si no encontramos ninguna otra causa que lo genere y no podemos corregir ninguna causa, muchas veces, se puede usar una presi\u00f3n positiva nocturna o dispositivos bucales nocturnos, que lo que hacen es permeabilizar la v\u00eda a\u00e9rea y, de esta manera, evitar el ruido molesto y sobre todo las apneas\u201d, <\/span><\/i><span style=\"font-weight: 400;\">detalla el especialista.<\/span><\/p>\n<div style=\"border: 1px solid #727272; border-radius: 20px; padding: 20px;\">\n<p><b>\u00a1PARA TENER EN CUENTA!<\/b><\/p>\n<p><span style=\"font-weight: 400;\">Adem\u00e1s de las causas ya mencionadas como promotoras de los ronquidos (sobrepeso, insuficiencia ventilatoria nasal, la hipertrofia de las am\u00edgdalas), hay otros factores que pueden tener incidencia. \u00bfCu\u00e1les? <\/span><b>Una mala posici\u00f3n en el descanso<\/b><span style=\"font-weight: 400;\">, <\/span><b>una cena demasiado op\u00edpara<\/b><span style=\"font-weight: 400;\"> y las <\/span><b>personas medicadas con sedantes, ansiol\u00edticos y relajantes musculares<\/b><span style=\"font-weight: 400;\"> ya que tienden a roncar y sobre todo a hacer m\u00e1s apneas. \u201c<\/span><i><span style=\"font-weight: 400;\">Por eso, se recomienda a las personas que hacen apneas que no tomen ansiol\u00edticos, calmantes o relajantes musculares porque las aumenta mucho<\/span><\/i><span style=\"font-weight: 400;\">\u201d, concluye.<\/span><\/p>\n<\/div>\n","protected":false},"excerpt":{"rendered":"<p>Roncar es algo frecuente que afecta a varias personas: qui\u00e9nes lo padecen y aquellos convivientes que descansan con la persona que ronca. \u00bfA qu\u00e9 se deben los ronquidos? \u00bfHay soluci\u00f3n? \u00bfQu\u00e9 son? Seg\u00fan explica Diego Mart\u00edn Folgueira otorrinolaring\u00f3logo del Hospital Alem\u00e1n (HA), el ronquido es un ruido nocturno que se da por relajaci\u00f3n y vibraci\u00f3n [&hellip;]<\/p>\n","protected":false},"author":1,"featured_media":3050,"comment_status":"open","ping_status":"open","sticky":false,"template":"","format":"standard","meta":{"_acf_changed":false,"footnotes":""},"categories":[14],"tags":[],"class_list":["post-3049","post","type-post","status-publish","format-standard","has-post-thumbnail","hentry","category-calidad-de-vida"],"acf":[],"_links":{"self":[{"href":"https:\/\/www.experta.com.ar\/index.php\/wp-json\/wp\/v2\/posts\/3049","targetHints":{"allow":["GET"]}}],"collection":[{"href":"https:\/\/www.experta.com.ar\/index.php\/wp-json\/wp\/v2\/posts"}],"about":[{"href":"https:\/\/www.experta.com.ar\/index.php\/wp-json\/wp\/v2\/types\/post"}],"author":[{"embeddable":true,"href":"https:\/\/www.experta.com.ar\/index.php\/wp-json\/wp\/v2\/users\/1"}],"replies":[{"embeddable":true,"href":"https:\/\/www.experta.com.ar\/index.php\/wp-json\/wp\/v2\/comments?post=3049"}],"version-history":[{"count":0,"href":"https:\/\/www.experta.com.ar\/index.php\/wp-json\/wp\/v2\/posts\/3049\/revisions"}],"wp:featuredmedia":[{"embeddable":true,"href":"https:\/\/www.experta.com.ar\/index.php\/wp-json\/wp\/v2\/media\/3050"}],"wp:attachment":[{"href":"https:\/\/www.experta.com.ar\/index.php\/wp-json\/wp\/v2\/media?parent=3049"}],"wp:term":[{"taxonomy":"category","embeddable":true,"href":"https:\/\/www.experta.com.ar\/index.php\/wp-json\/wp\/v2\/categories?post=3049"},{"taxonomy":"post_tag","embeddable":true,"href":"https:\/\/www.experta.com.ar\/index.php\/wp-json\/wp\/v2\/tags?post=3049"}],"curies":[{"name":"wp","href":"https:\/\/api.w.org\/{rel}","templated":true}]}}