{"id":2992,"date":"2023-05-10T19:48:35","date_gmt":"2023-05-10T17:48:35","guid":{"rendered":"https:\/\/www.experta.com.ar\/index.php\/2023\/05\/10\/comunicacion-interna\/"},"modified":"2023-05-10T19:48:35","modified_gmt":"2023-05-10T17:48:35","slug":"comunicacion-interna","status":"publish","type":"post","link":"https:\/\/www.experta.com.ar\/index.php\/comunicacion-interna\/","title":{"rendered":"COMUNICACI\u00d3N INTERNA"},"content":{"rendered":"<p><span style=\"font-weight: 400;\">Hoy la comunicaci\u00f3n interna <\/span><b>est\u00e1 considerada como la columna vertebral de cualquier estrategia comercial<\/b><span style=\"font-weight: 400;\">, porque es solo a trav\u00e9s de ella que se pueden alinear los intereses de todos los involucrados para conseguir los objetivos y adherir a los valores de una organizaci\u00f3n.<\/span><\/p>\n<p><span style=\"font-weight: 400;\">Como explica, Celina Kaseta, directora acad\u00e9mica del programa de Comunicaci\u00f3n Interna de Educaci\u00f3n Ejecutiva de la Universidad Torcuato Di Tella (UTDT) dictado junto a Celina Peper, <\/span><b>el principio de la comunicaci\u00f3n interna (CI) es que podamos concebirla como gestora y transformadora de la cultura organizacional<\/b><span style=\"font-weight: 400;\">, y para ello es importante <\/span><b>entender el prop\u00f3sito de lo que queremos comunicar, la necesidad del negocio<\/b><span style=\"font-weight: 400;\"> y las oportunidades para luego a partir de ese diagn\u00f3stico dise\u00f1ar un plan.<\/span><\/p>\n<p><span style=\"font-weight: 400;\">Ante este rol transformador de la comunicaci\u00f3n: \u00bfC\u00f3mo podemos agregar valor para nuestros clientes internos y la organizaci\u00f3n en s\u00ed? \u00bfQu\u00e9 rol tiene la escucha? \u00bfC\u00f3mo planificar y qu\u00e9 tener en cuenta para gestionar una comunicaci\u00f3n interna eficaz? A continuaci\u00f3n, las claves.<\/span><\/p>\n<hr style=\"border: solid 1px #727272;\" \/>\n<p><b>EL VALOR DE LA COMUNICACI\u00d3N.<\/b><\/p>\n<p><span style=\"font-weight: 400;\">La <\/span><b>comunicaci\u00f3n interna es veh\u00edculo para agregar valor a nuestros clientes<\/b><span style=\"font-weight: 400;\"> internos y a nuestra organizaci\u00f3n. Seg\u00fan explica Kaseta, para agregar valor <\/span><b>el primer punto es conocer el negocio. Esto es vital para acompa\u00f1ar las necesidades y ver la mejor manera de comunicarlas internamente<\/b><span style=\"font-weight: 400;\"> (considerando la audiencia, los canales, el contexto, la relevancia y el impacto).\u00a0\u00a0<\/span><\/p>\n<p><span style=\"font-weight: 400;\">\u201c<\/span><i><span style=\"font-weight: 400;\">Un aporte de la CI es la transformaci\u00f3n cultural y el acompa\u00f1amiento en los procesos de gesti\u00f3n del cambio<\/span><\/i><span style=\"font-weight: 400;\">\u201d, argumenta.<\/span><\/p>\n<p><span style=\"font-weight: 400;\">Por otro lado, la especialista menciona la importancia de la escucha y el rol que cumple. \u201c<\/span><i><span style=\"font-weight: 400;\">La <\/span><\/i><b><i>escucha activa y abierta permite expandir posibilidades y es indispensable para generar nuevos espacios de conversaci\u00f3n<\/i><\/b><i><span style=\"font-weight: 400;\">. Adem\u00e1s, ayuda a la <\/span><\/i><b><i>generaci\u00f3n de confianza<\/i><\/b><i><span style=\"font-weight: 400;\"> que es vital para un entorno seguro y saludable. Como observadores diferentes que somos en funci\u00f3n de la escucha, construimos relaciones personales, interpretamos la vida y nos proyectamos\u201d, <\/span><\/i><span style=\"font-weight: 400;\">explica.<\/span><\/p>\n<hr style=\"border: solid 1px #727272;\" \/>\n<p><b>EL PLAN Y LAS CLAVES<\/b><\/p>\n<p><span style=\"font-weight: 400;\">La comunicaci\u00f3n debe <\/span><b>acercar a las audiencias y construir cultura<\/b><span style=\"font-weight: 400;\"> y para eso es fundamental planificar. Seg\u00fan enumera Kaseta, <\/span><b>los pasos b\u00e1sicos para armar un plan<\/b><span style=\"font-weight: 400;\"> son:<\/span><\/p>\n<ul>\n<li style=\"font-weight: 400;\" aria-level=\"1\"><b>Entender la necesidad<\/b><span style=\"font-weight: 400;\"> del negocio<\/span><\/li>\n<li style=\"font-weight: 400;\" aria-level=\"1\"><b>Definir los objetivos<\/b><span style=\"font-weight: 400;\"> comunicacionales<\/span><\/li>\n<li style=\"font-weight: 400;\" aria-level=\"1\"><span style=\"font-weight: 400;\">Segmentar las <\/span><b>audiencias<\/b><\/li>\n<li style=\"font-weight: 400;\" aria-level=\"1\"><b>Pensar<\/b><span style=\"font-weight: 400;\"> en <\/span><b>mensajes claves<\/b><\/li>\n<li style=\"font-weight: 400;\" aria-level=\"1\"><b>Establecer m\u00e9tricas<\/b><span style=\"font-weight: 400;\"> para luego pensar las t\u00e1cticas y el storytelling<\/span><\/li>\n<\/ul>\n<p><span style=\"font-weight: 400;\">\u201c<\/span><b><i>La clave del \u00e9xito de una CI eficaz es poder empoderar el rol de la comunicaci\u00f3n sabiendo que podemos influenciar en la experiencia de cada colaborador\/a<\/i><\/b><i><span style=\"font-weight: 400;\">. Otro factor importante es contar con el <\/span><\/i><b><i>compromiso de los l\u00edderes<\/i><\/b><i><span style=\"font-weight: 400;\"> siendo coherentes con los valores, el prop\u00f3sito y la cultura de la organizaci\u00f3n, considerando tambi\u00e9n el contexto y el clima de \u00e9poca<\/span><\/i><span style=\"font-weight: 400;\">\u201d, concluye.<\/span><\/p>\n","protected":false},"excerpt":{"rendered":"<p>Hoy la comunicaci\u00f3n interna est\u00e1 considerada como la columna vertebral de cualquier estrategia comercial, porque es solo a trav\u00e9s de ella que se pueden alinear los intereses de todos los involucrados para conseguir los objetivos y adherir a los valores de una organizaci\u00f3n. Como explica, Celina Kaseta, directora acad\u00e9mica del programa de Comunicaci\u00f3n Interna de [&hellip;]<\/p>\n","protected":false},"author":1,"featured_media":2993,"comment_status":"open","ping_status":"open","sticky":false,"template":"","format":"standard","meta":{"_acf_changed":false,"footnotes":""},"categories":[11],"tags":[],"class_list":["post-2992","post","type-post","status-publish","format-standard","has-post-thumbnail","hentry","category-cerca-de-tu-negocio"],"acf":[],"_links":{"self":[{"href":"https:\/\/www.experta.com.ar\/index.php\/wp-json\/wp\/v2\/posts\/2992","targetHints":{"allow":["GET"]}}],"collection":[{"href":"https:\/\/www.experta.com.ar\/index.php\/wp-json\/wp\/v2\/posts"}],"about":[{"href":"https:\/\/www.experta.com.ar\/index.php\/wp-json\/wp\/v2\/types\/post"}],"author":[{"embeddable":true,"href":"https:\/\/www.experta.com.ar\/index.php\/wp-json\/wp\/v2\/users\/1"}],"replies":[{"embeddable":true,"href":"https:\/\/www.experta.com.ar\/index.php\/wp-json\/wp\/v2\/comments?post=2992"}],"version-history":[{"count":0,"href":"https:\/\/www.experta.com.ar\/index.php\/wp-json\/wp\/v2\/posts\/2992\/revisions"}],"wp:featuredmedia":[{"embeddable":true,"href":"https:\/\/www.experta.com.ar\/index.php\/wp-json\/wp\/v2\/media\/2993"}],"wp:attachment":[{"href":"https:\/\/www.experta.com.ar\/index.php\/wp-json\/wp\/v2\/media?parent=2992"}],"wp:term":[{"taxonomy":"category","embeddable":true,"href":"https:\/\/www.experta.com.ar\/index.php\/wp-json\/wp\/v2\/categories?post=2992"},{"taxonomy":"post_tag","embeddable":true,"href":"https:\/\/www.experta.com.ar\/index.php\/wp-json\/wp\/v2\/tags?post=2992"}],"curies":[{"name":"wp","href":"https:\/\/api.w.org\/{rel}","templated":true}]}}