{"id":2937,"date":"2023-03-16T18:47:39","date_gmt":"2023-03-16T17:47:39","guid":{"rendered":"https:\/\/www.experta.com.ar\/index.php\/2023\/03\/16\/beneficios-del-orden\/"},"modified":"2023-03-16T18:47:39","modified_gmt":"2023-03-16T17:47:39","slug":"beneficios-del-orden","status":"publish","type":"post","link":"https:\/\/www.experta.com.ar\/index.php\/beneficios-del-orden\/","title":{"rendered":"BENEFICIOS DEL ORDEN"},"content":{"rendered":"<p>El orden nos da un marco, un contexto seguro donde movernos y accionar. <strong>Tener orden en el exterior y en el interior nos da claridad para hacer las cosas.<\/strong> Solo para dimensionar qu\u00e9 tan significativo es el orden, la RAE tiene m\u00e1s de 20 definiciones para esta palabra. Ahora bien, \u00bfpor qu\u00e9 es importante ser ordenados? \u00bfQu\u00e9 implica la gesti\u00f3n del orden en el \u00e1mbito de los trabajos? \u00bfA qu\u00e9 hay que prestarle atenci\u00f3n? Hay mucho orden por hacer, as\u00ed que lo mejor es ir \u2018ordenados\u2019 por partes.<\/p>\n<hr style=\"border: solid 1px #727272;\" \/>\n<p><strong>ORDEN DEL ESPACIO<\/strong><\/p>\n<p>Gestionar el orden exterior, el de los espacios y \u00e1mbitos donde trabajamos, <strong>nos da equilibrio emocional, produce bienestar y esto repercute positivamente en nuestras funciones<\/strong>. Adem\u00e1s, tener el espacio prolijo nos permite <strong>ser m\u00e1s eficientes y productivos<\/strong>. \u00bfImaginemos una pila de papeles en el escritorio, junto con lo que sobr\u00f3 del almuerzo y nuestros objetos personales desparramados? Solo de escribirlo ya puedo sentir el caos y el desorden. Poder ver nuestro escritorio limpio, sin interferencias, nos brinda claridad. Este orden tambi\u00e9n debe trasladarse a nuestros dispositivos (computadora, Smartphone y Tablet) con carpetas e informaci\u00f3n organizada en la nube, drives o c\u00f3mo nos resulte pr\u00e1ctico.<\/p>\n<p><u>IMPORTANTE:<\/u> Tener en nuestros espacios objetos que nos gusten puede colaborar a la creatividad. Una planta, un objeto l\u00fadico\u2026<\/p>\n<p><strong>Otro punto clave del orden exterior es la limpieza<\/strong>: ser limpios en nuestros espacios es mandatorio.<\/p>\n<hr style=\"border: solid 1px #727272;\" \/>\n<p><strong>ORDEN DE LOS PROCESOS<\/strong><\/p>\n<p>El orden <strong>tambi\u00e9n aplica a los procesos de trabajo<\/strong>. <strong>Es clave aceitar y darle forma a cada eslab\u00f3n de la cadena que hace que nuestro servicio o producto llegue a los destinatarios en tiempo y forma, y con la mejor calidad<\/strong>. \u00bfC\u00f3mo implementar este orden? <strong>No dejando nada al azar<\/strong> y estableciendo una <strong>planificaci\u00f3n, un mapa o diagrama donde se definan roles y responsabilidades en cada instancia<\/strong> de cada proceso y objetivos claros. Este diagrama o flujo de trabajo debe plantearse tanto para los procesos operativos y estrat\u00e9gicos como los creativos.<\/p>\n<hr style=\"border: solid 1px #727272;\" \/>\n<p><strong>ORDEN INTERNO<\/strong><\/p>\n<p>\u00bfA qu\u00e9 nos referimos con <strong>orden interno<\/strong>?<strong> Al propio, al m\u00e1s arraigado a nuestra esencia<\/strong>. Nuestras ideas y pensamientos. El volumen inmenso de informaci\u00f3n que manejamos a diario, el ruido exterior que tambi\u00e9n se suma y, en ocasiones, nos abruma<strong>. Si no hay orden interno prevalecen el estr\u00e9s, la angustia y no podemos gestionar ning\u00fan tipo de orden<\/strong>.<\/p>\n<p>Para ordenarnos internamente es ideal tener <u><a href=\"https:\/\/www.experta.com.ar\/blogg\/el-poder-del-silencio\/\">espacios de silencio<\/a>,<\/u> realizar alguna meditaci\u00f3n, descansar bien y mantener un espacio para realizar cosas que nos produzcan satisfacci\u00f3n y que nos hagan bien.<\/p>\n<hr style=\"border: solid 1px #727272;\" \/>\n<p><strong>REPASO Y ORDEN<\/strong><\/p>\n<p>Bueno, como vimos arriba el orden es bien amplo y abarca diferentes espacios y \u00e1mbitos. Ser ordenados implica:<\/p>\n<ol>\n<li><strong>REALIZAR ORDEN EXTERIOR<\/strong>. El de nuestros escritorio, espacio de trabajo.<\/li>\n<li><strong>TENER EN ORDEN LOS PROCESOS<\/strong>. Nuestros procesos (administrativos, contables, de producci\u00f3n, inventarios, stocks, etc.).<\/li>\n<li><strong>PODER SOSTENER UN ORDEN INTERNO<\/strong>. Lo que est\u00e1 dentro nuestro. C\u00f3mo gestionar el volumen de informaci\u00f3n con el que contamos.<\/li>\n<\/ol>\n","protected":false},"excerpt":{"rendered":"<p>El orden nos da un marco, un contexto seguro donde movernos y accionar. Tener orden en el exterior y en el interior nos da claridad para hacer las cosas. Solo para dimensionar qu\u00e9 tan significativo es el orden, la RAE tiene m\u00e1s de 20 definiciones para esta palabra. Ahora bien, \u00bfpor qu\u00e9 es importante ser [&hellip;]<\/p>\n","protected":false},"author":1,"featured_media":2938,"comment_status":"open","ping_status":"open","sticky":false,"template":"","format":"standard","meta":{"_acf_changed":false,"footnotes":""},"categories":[11],"tags":[],"class_list":["post-2937","post","type-post","status-publish","format-standard","has-post-thumbnail","hentry","category-cerca-de-tu-negocio"],"acf":[],"_links":{"self":[{"href":"https:\/\/www.experta.com.ar\/index.php\/wp-json\/wp\/v2\/posts\/2937","targetHints":{"allow":["GET"]}}],"collection":[{"href":"https:\/\/www.experta.com.ar\/index.php\/wp-json\/wp\/v2\/posts"}],"about":[{"href":"https:\/\/www.experta.com.ar\/index.php\/wp-json\/wp\/v2\/types\/post"}],"author":[{"embeddable":true,"href":"https:\/\/www.experta.com.ar\/index.php\/wp-json\/wp\/v2\/users\/1"}],"replies":[{"embeddable":true,"href":"https:\/\/www.experta.com.ar\/index.php\/wp-json\/wp\/v2\/comments?post=2937"}],"version-history":[{"count":0,"href":"https:\/\/www.experta.com.ar\/index.php\/wp-json\/wp\/v2\/posts\/2937\/revisions"}],"wp:featuredmedia":[{"embeddable":true,"href":"https:\/\/www.experta.com.ar\/index.php\/wp-json\/wp\/v2\/media\/2938"}],"wp:attachment":[{"href":"https:\/\/www.experta.com.ar\/index.php\/wp-json\/wp\/v2\/media?parent=2937"}],"wp:term":[{"taxonomy":"category","embeddable":true,"href":"https:\/\/www.experta.com.ar\/index.php\/wp-json\/wp\/v2\/categories?post=2937"},{"taxonomy":"post_tag","embeddable":true,"href":"https:\/\/www.experta.com.ar\/index.php\/wp-json\/wp\/v2\/tags?post=2937"}],"curies":[{"name":"wp","href":"https:\/\/api.w.org\/{rel}","templated":true}]}}