{"id":2834,"date":"2022-12-16T12:37:32","date_gmt":"2022-12-16T11:37:32","guid":{"rendered":"https:\/\/www.experta.com.ar\/index.php\/2022\/12\/16\/planificar-las-vacaciones\/"},"modified":"2022-12-16T12:37:32","modified_gmt":"2022-12-16T11:37:32","slug":"planificar-las-vacaciones","status":"publish","type":"post","link":"https:\/\/www.experta.com.ar\/index.php\/planificar-las-vacaciones\/","title":{"rendered":"PLANIFICAR LAS VACACIONES"},"content":{"rendered":"<p>Ya est\u00e1 la temporada estival a la vuelta de la esquina y siempre se plantea el dilema de <strong>c\u00f3mo dejar el negocio organizado para disfrutar del merecido descanso<\/strong>. <strong>Todos buscamos que nuestras vacaciones sean un momento de desconexi\u00f3n y relax, pero para ello tenemos que organizar qui\u00e9n va a cubrir nuestro rol ante nuestra ausencia.<\/strong> \u00bfQui\u00e9n va a hacer cada cosa, de qu\u00e9 forma y bajo qu\u00e9 lineamientos?<\/p>\n<p>Para que <strong>esta situaci\u00f3n no nos agarre desprevenidos es importante contar durante todo el a\u00f1o con un equipo s\u00f3lido (no importa si somos pocos) donde todos podamos aportar y colaborar con el trabajo del otro. <\/strong>Si esto est\u00e1 consolidado en el hacer diario, es mucho m\u00e1s f\u00e1cil delegar tareas puntuales al momento de las vacaciones. Funciona para todos los miembros de la organizaci\u00f3n.<\/p>\n<hr style=\"border: solid 1px #727272;\" \/>\n<p><strong>TIEMPO DE ARMAR EL PLAN<\/strong><\/p>\n<p>Ya sabemos los d\u00edas que nos vamos a ir y las <strong>acciones puntuales que tenemos cada mes. Lo ideal es anotarlas todas y ver qu\u00e9 miembro del equipo puede hacer cada cosa<\/strong>. Luego, <strong>generar un espacio de reuni\u00f3n para poner en com\u00fan las tareas e intercambiar dudas, consultas y sugerencias<\/strong>. Hablar tambi\u00e9n sobre los <strong>imprevistos o problemas que se puedan dar en nuestra ausencia<\/strong>. Una vez analizado todo hay que entender que\u2026<\/p>\n<ol>\n<li><strong>TODOS SOMOS DIFERENTES<\/strong>. Nosotros podemos hacer las cosas de una forma y eso no quiere decir que sea la mejor o la peor. Lo importante es que el reemplazo cumpla con la tarea; el camino que elija para llevarla adelante es anecd\u00f3tico.<\/li>\n<li><strong>DEBEMOS CONFIAR.<\/strong> Sin confianza no hay delegaci\u00f3n posible de tareas.<\/li>\n<\/ol>\n<hr style=\"border: solid 1px #727272;\" \/>\n<p><strong>VACACIONES: UN MOMENTO DONDE EL NEGOCIO TAMPOCO SE DEBE DESCUIDAR<\/strong><\/p>\n<p>En la \u00e9poca de verano y movilizaci\u00f3n por vacaciones <strong>se generan m\u00e1s solicitudes de seguros espec\u00edficos o puntuales.<\/strong> Por ejemplo, <strong>hay seguros de AP para colonias, casa de veraneo, auto, etc.<\/strong> Es importante <strong>como PAS aprovechar el mes de diciembre para hablar con nuestra cartera y ver todas estas alternativas, quiz\u00e1s m\u00e1s estacionales, pero muy significativas para el crecimiento y mantenci\u00f3n del negocio<\/strong>. Adem\u00e1s, con estos seguros propios de la temporada podemos <strong>llegar a nuevos clientes<\/strong> que pueden con el tiempo consolidarse como clientes habituales m\u00e1s all\u00e1 del verano.<\/p>\n<p>Planificar para disfrutar de las vacaciones y volver con la energ\u00eda renovada.<\/p>\n","protected":false},"excerpt":{"rendered":"<p>Ya est\u00e1 la temporada estival a la vuelta de la esquina y siempre se plantea el dilema de c\u00f3mo dejar el negocio organizado para disfrutar del merecido descanso. Todos buscamos que nuestras vacaciones sean un momento de desconexi\u00f3n y relax, pero para ello tenemos que organizar qui\u00e9n va a cubrir nuestro rol ante nuestra ausencia. [&hellip;]<\/p>\n","protected":false},"author":1,"featured_media":2835,"comment_status":"open","ping_status":"open","sticky":false,"template":"","format":"standard","meta":{"_acf_changed":false,"footnotes":""},"categories":[11],"tags":[],"class_list":["post-2834","post","type-post","status-publish","format-standard","has-post-thumbnail","hentry","category-cerca-de-tu-negocio"],"acf":[],"_links":{"self":[{"href":"https:\/\/www.experta.com.ar\/index.php\/wp-json\/wp\/v2\/posts\/2834","targetHints":{"allow":["GET"]}}],"collection":[{"href":"https:\/\/www.experta.com.ar\/index.php\/wp-json\/wp\/v2\/posts"}],"about":[{"href":"https:\/\/www.experta.com.ar\/index.php\/wp-json\/wp\/v2\/types\/post"}],"author":[{"embeddable":true,"href":"https:\/\/www.experta.com.ar\/index.php\/wp-json\/wp\/v2\/users\/1"}],"replies":[{"embeddable":true,"href":"https:\/\/www.experta.com.ar\/index.php\/wp-json\/wp\/v2\/comments?post=2834"}],"version-history":[{"count":0,"href":"https:\/\/www.experta.com.ar\/index.php\/wp-json\/wp\/v2\/posts\/2834\/revisions"}],"wp:featuredmedia":[{"embeddable":true,"href":"https:\/\/www.experta.com.ar\/index.php\/wp-json\/wp\/v2\/media\/2835"}],"wp:attachment":[{"href":"https:\/\/www.experta.com.ar\/index.php\/wp-json\/wp\/v2\/media?parent=2834"}],"wp:term":[{"taxonomy":"category","embeddable":true,"href":"https:\/\/www.experta.com.ar\/index.php\/wp-json\/wp\/v2\/categories?post=2834"},{"taxonomy":"post_tag","embeddable":true,"href":"https:\/\/www.experta.com.ar\/index.php\/wp-json\/wp\/v2\/tags?post=2834"}],"curies":[{"name":"wp","href":"https:\/\/api.w.org\/{rel}","templated":true}]}}