{"id":2777,"date":"2022-10-04T13:50:17","date_gmt":"2022-10-04T11:50:17","guid":{"rendered":"https:\/\/www.experta.com.ar\/index.php\/2022\/10\/04\/generacion-alpha-claves-para-entenderlos\/"},"modified":"2022-10-04T13:50:17","modified_gmt":"2022-10-04T11:50:17","slug":"generacion-alpha-claves-para-entenderlos","status":"publish","type":"post","link":"https:\/\/www.experta.com.ar\/index.php\/generacion-alpha-claves-para-entenderlos\/","title":{"rendered":"GENERACI\u00d3N ALPHA: CLAVES PARA ENTENDERLOS"},"content":{"rendered":"<p>Una nueva generaci\u00f3n gana terreno. Un nuevo grupo de personas que ser\u00e1n los consumidores de los pr\u00f3ximos a\u00f1os y a los cuales hay que mirar. Es el tiempo de darle la bienvenida a <strong>la generaci\u00f3n Alpha, la primera nativa 100% digital.<\/strong> Incluye a <strong>quienes nacieron a partir del a\u00f1o 2010<\/strong>, a\u00f1o que coincide \u2013vaya paradoja\u2013 con el lanzamiento del primer iPad de Apple. El t\u00e9rmino de esta generaci\u00f3n fue dicho por primera vez por Mark McCrindle, un consultor australiano. \u00bfPor qu\u00e9 se la llama la generaci\u00f3n Alpha? \u00bfPor qu\u00e9 el t\u00e9rmino? Seg\u00fan McCrindle tiene toda la l\u00f3gica usar el alfabeto griego en lugar del latino para volver a la letra A (recordemos que la generaci\u00f3n antecesora es la Z), ya que los <strong>Alpha son la primera generaci\u00f3n nacida completamente en el siglo XXI<\/strong> y, por lo tanto, son el comienzo de algo nuevo, no un retorno a la antiguo.<\/p>\n<hr style=\"border: solid #727272 1px;\" \/>\n<p><strong>DEFINIENDO GENERACIONES<\/strong><\/p>\n<p>\u00bfPor qu\u00e9 analizamos generaciones? Porque nos permite entender como la gente ve el mundo. <strong>Antes las generaciones se defin\u00edan por hechos o sucesos hist\u00f3ricos y sociales importantes<\/strong>. <strong>Hoy<\/strong> estas generaciones <strong>se delimitan m\u00e1s por el uso de determinada tecnolog\u00eda<\/strong>. Pero, sin duda, <strong>analizar generaciones permite entender c\u00f3mo los diferentes acontecimientos globales, los cambios tecnol\u00f3gicos, sociales y econ\u00f3micos influyen y determinan la forma que la gente ve la sociedad y el mundo<\/strong>. Y cada mirada necesita un abordaje distinto. Una forma diferente de llegar a ellos. Y la generaci\u00f3n Alpha ve el mundo a trav\u00e9s de una pantalla.<\/p>\n<hr style=\"border: solid #727272 1px;\" \/>\n<p><strong>CARACTER\u00cdSTICAS DE LA GENERACI\u00d3N ALPHA<\/strong><\/p>\n<ul>\n<li><strong>VEN EL MUNDO A TRAV\u00c9S DE UNA PANTALLA. <\/strong>Nativos digitales 100%. El resto de las generaciones (incluso la generaci\u00f3n Z) est\u00e1n aprendiendo a adaptarse a un mundo digital. Son los m\u00e1s formados tecnol\u00f3gicamente, al menos a hoy. Clave: hay que llegar a ellos, sin duda, por las pantallas.<\/li>\n<li><strong>SON GLOBALES<\/strong>. Con Internet desde temprana edad presente en sus vidas, se han criado como una comunidad global. Son super diversos en cuanto a gustos, estilos y punto de vista. Su crianza estuvo y est\u00e1 marcada por experiencias compartidas con distintos sitios, etnias y g\u00e9neros. Clave: llegar con experiencias diversas.<\/li>\n<li><strong>SON VISUALES.<\/strong> El video es su formato preferido por excelencia. Las redes sociales son un excelente veh\u00edculo para llegar a ellos. Los m\u00e1s j\u00f3venes son usuarios de YouTube. Clave: subir contenido en formato video a estas plataformas.<\/li>\n<li><strong>SON INDEPENDIENTES E INDVIDUALISTAS.<\/strong> Toman sus decisiones, gestionan su mundo digital y quieren que se tengan en cuenta sus necesidades. Son bastante individualistas y tienen autonom\u00eda en la toma de decisiones. Clave: dar respuesta a sus necesidades.<\/li>\n<li><strong>VISLUMBRAN OTRA FORMA DE COMUNICACI\u00d3N.<\/strong> Entienden que la tecnolog\u00eda les brindar\u00e1 cada vez m\u00e1s posibilidades a medida que esta se desarrolle. La Inteligencia artificial o la comunicaci\u00f3n por voz, por ejemplo, ser\u00e1n cada vez m\u00e1s comunes. Clave: estar al tanto de los \u00faltimos avances para ver c\u00f3mo implementarlos en nuestra industria.<\/li>\n<\/ul>\n<p>Es importante considerar estas variables de los consumidores del futuro. Recordemos que se relacionan continuamente con la novedad, la tecnolog\u00eda y tienen una nueva manera de pensar mucho m\u00e1s diversa.<\/p>\n<div style=\"border: solid #727272 1px; padding: 20px; border-radius: 20px;\">\n<p><strong>DE GENERACI\u00d3N EN GENERACI\u00d3N<\/strong><\/p>\n<p>Ya hace un tiempo que se van segmentando a las generaciones seg\u00fan sus caracter\u00edsticas, gustos, preferencias y, por supuesto, el a\u00f1o de nacimiento. Y cada vez esta divisi\u00f3n se hace m\u00e1s r\u00e1pido, producto de los avances y cambios tecnol\u00f3gicos. Veamos cada una\u2026<\/p>\n<p><strong>BABY BOOMERS<\/strong>. Son los que nacieron entre 1946 y 1964. El nombre viene porque fue durante este per\u00edodo donde aument\u00f3 la tasa de natalidad. Adultos que nacieron posteriormente a la segunda guerra mundial. Son trabajadores que se quedaron, en general, siempre en el mismo trabajo. Entre los avances tecnol\u00f3gicos sumaron la TV a sus vidas.<\/p>\n<p><strong>GENERACI\u00d3N X<\/strong>. Son los que nacieron entre 1965 y 1979. Crecieron escuchando hablar sobre distintos dispositivos electr\u00f3nicos, pero la tecnolog\u00eda a\u00fan les resulta un concepto algo ajeno.<\/p>\n<p><strong>MILLENNIALS O GENARACI\u00d3N Y<\/strong>. Son los nacidos entre 1980 y 1993. Se caracterizan por tener mayor familiaridad y usabilidad de las tecnolog\u00edas digitales, los medios y las comunicaciones.<\/p>\n<p><strong>GENERACI\u00d3N Z<\/strong>. Son los que nacieron entre 1994 y 2010. Est\u00e1n acostumbrados a usar Internet desde muy j\u00f3venes. Est\u00e1n c\u00f3modos con la tecnolog\u00eda y el mundo digital. No lo sienten lejano.<\/p>\n<p><strong>GENERACI\u00d3N ALPLHA<\/strong>. Los que nacieron desde 2010 a la fecha. Una generaci\u00f3n \u00edntegra del siglo XXI. 100% nativos digitales. Hijos de los<em> millennials<\/em>. Se relacionan con lo novedoso, la tecnolog\u00eda y, sin duda, tienen una nueva forma de pensar.<\/p>\n<\/div>\n","protected":false},"excerpt":{"rendered":"<p>Una nueva generaci\u00f3n gana terreno. Un nuevo grupo de personas que ser\u00e1n los consumidores de los pr\u00f3ximos a\u00f1os y a los cuales hay que mirar. Es el tiempo de darle la bienvenida a la generaci\u00f3n Alpha, la primera nativa 100% digital. Incluye a quienes nacieron a partir del a\u00f1o 2010, a\u00f1o que coincide \u2013vaya paradoja\u2013 [&hellip;]<\/p>\n","protected":false},"author":1,"featured_media":2778,"comment_status":"open","ping_status":"open","sticky":false,"template":"","format":"standard","meta":{"_acf_changed":false,"footnotes":""},"categories":[11],"tags":[],"class_list":["post-2777","post","type-post","status-publish","format-standard","has-post-thumbnail","hentry","category-cerca-de-tu-negocio"],"acf":[],"_links":{"self":[{"href":"https:\/\/www.experta.com.ar\/index.php\/wp-json\/wp\/v2\/posts\/2777","targetHints":{"allow":["GET"]}}],"collection":[{"href":"https:\/\/www.experta.com.ar\/index.php\/wp-json\/wp\/v2\/posts"}],"about":[{"href":"https:\/\/www.experta.com.ar\/index.php\/wp-json\/wp\/v2\/types\/post"}],"author":[{"embeddable":true,"href":"https:\/\/www.experta.com.ar\/index.php\/wp-json\/wp\/v2\/users\/1"}],"replies":[{"embeddable":true,"href":"https:\/\/www.experta.com.ar\/index.php\/wp-json\/wp\/v2\/comments?post=2777"}],"version-history":[{"count":0,"href":"https:\/\/www.experta.com.ar\/index.php\/wp-json\/wp\/v2\/posts\/2777\/revisions"}],"wp:featuredmedia":[{"embeddable":true,"href":"https:\/\/www.experta.com.ar\/index.php\/wp-json\/wp\/v2\/media\/2778"}],"wp:attachment":[{"href":"https:\/\/www.experta.com.ar\/index.php\/wp-json\/wp\/v2\/media?parent=2777"}],"wp:term":[{"taxonomy":"category","embeddable":true,"href":"https:\/\/www.experta.com.ar\/index.php\/wp-json\/wp\/v2\/categories?post=2777"},{"taxonomy":"post_tag","embeddable":true,"href":"https:\/\/www.experta.com.ar\/index.php\/wp-json\/wp\/v2\/tags?post=2777"}],"curies":[{"name":"wp","href":"https:\/\/api.w.org\/{rel}","templated":true}]}}