{"id":2563,"date":"2022-01-05T13:44:06","date_gmt":"2022-01-05T12:44:06","guid":{"rendered":"https:\/\/www.experta.com.ar\/index.php\/2022\/01\/05\/ninos-y-viajes\/"},"modified":"2022-01-05T13:44:06","modified_gmt":"2022-01-05T12:44:06","slug":"ninos-y-viajes","status":"publish","type":"post","link":"https:\/\/www.experta.com.ar\/index.php\/ninos-y-viajes\/","title":{"rendered":"NI\u00d1OS Y VIAJES"},"content":{"rendered":"<p><span style=\"font-weight: 400;\">En verano nos movilizamos en varios momentos en auto en familia: tomamos la ruta para irnos de vacaciones, tenemos planes para ir a disfrutar del aire libre los fines de semana\u2026 \u00a1Estamos m\u00e1s tiempo todos juntos en nuestros veh\u00edculos! Ante esta realidad es importante <\/span><b>recordar c\u00f3mo deben viajar los menores de forma segura<\/b><span style=\"font-weight: 400;\">.<\/span><\/p>\n<p><span style=\"font-weight: 400;\">\u00bfQu\u00e9 dice la ley sobre los sistemas de retenci\u00f3n infantil (SRI)? \u00bfCu\u00e1ndo el ni\u00f1o debe usar un SRI y cu\u00e1ndo no? En nuestro pa\u00eds hay algunas diferencias entre lo especificado en la ley de tr\u00e1nsito nacional (24449) y las leyes de los territorios provinciales o de la Ciudad Aut\u00f3noma de Buenos Aires. Como explican desde CESVI, para dar un ejemplo, la ley de tr\u00e1nsito nacional describe: \u201c\u2026Los menores de DIEZ (10) a\u00f1os deben viajar sujetos al asiento trasero, con el Sistema de Retenci\u00f3n Infantil homologado al efecto, en relaci\u00f3n con su peso y tama\u00f1o\u2026\u201d. No obstante, el c\u00f3digo de tr\u00e1nsito de CABA describe en la ley 2148: Art\u00edculo 6.1.3, \u201c\u2026Cuando el pasajero sea menor de 12 a\u00f1os o con una altura inferior a 1,50 metros, debe utilizar el sistema o dispositivo de retenci\u00f3n infantil correspondiente a su peso y altura debidamente homologado\u2026\u201d.<\/span><\/p>\n<p><span style=\"font-weight: 400;\">Aclarado esto es importante siempre tener conciencia al transportar a los ni\u00f1os y hacerlo de forma segura. \u00bfC\u00f3mo deben ser las butacas? \u00bfHasta qu\u00e9 edad deben usarla?, \u00bfCu\u00e1l es el SRI adecuado y c\u00f3mo se coloca? Los especialistas del \u00e1rea de Seguridad Vial de CESVI ARGENTINA nos ayudan con todos estos interrogantes.<\/span><\/p>\n<p>&nbsp;<\/p>\n<p><b>\u00bfALTURA, PESO O EDAD?<\/b><\/p>\n<p><span style=\"font-weight: 400;\">Hoy, por nuestras leyes como mencionamos m\u00e1s arriba, <\/span><b>nos gu\u00eda la edad para el uso de los SRI.<\/b> <b>Sin embargo, los profesionales de la salud y los estudios realizados NO sugieren el uso de los SRI por la edad del ni\u00f1o<\/b><span style=\"font-weight: 400;\">. Tampoco lo determinan por el peso, aunque es importante aclarar que su dise\u00f1o y construcci\u00f3n tiene en cuenta como uno de los par\u00e1metros el peso del ni\u00f1o para que el SRI tenga la adecuada resistencia en un siniestro. <\/span><b>A nivel mundial se est\u00e1n mirando la altura del ni\u00f1o como par\u00e1metro para el uso de SRI<\/b><span style=\"font-weight: 400;\">. \u00bfPor qu\u00e9? Sencillamente porque se entiende <\/span><b>que una persona de 1,5 metros de altura ya podr\u00eda utilizar el cintur\u00f3n de seguridad de 3 puntos del veh\u00edculo<\/b><span style=\"font-weight: 400;\"> en la plaza trasera.<\/span><\/p>\n<p><span style=\"font-weight: 400;\">Por otra parte, hay que recordar que la estatura del ni\u00f1o no deber\u00eda superar la altura de la butaca por ning\u00fan motivo, como tampoco que deje de utilizar parte del cintur\u00f3n (arn\u00e9s) del SRI, cuando su tama\u00f1o no se lo permite.<\/span><\/p>\n<p>&nbsp;<\/p>\n<p><b>\u00bfC\u00d3MO ES LA CORRECTA SUJECI\u00d3N DE LAS BUTACAS AL AUTOM\u00d3VIL?\u00a0<\/b><\/p>\n<p><span style=\"font-weight: 400;\">Las <\/span><b>butacas infantiles tienen distintas formas de poder sujetarse al autom\u00f3vil<\/b><span style=\"font-weight: 400;\">. <\/span><b>La primera<\/b><span style=\"font-weight: 400;\">, y la m\u00e1s difundida, es la que <\/span><b>utiliza el cintur\u00f3n de seguridad de las plazas traseras del veh\u00edculo<\/b><span style=\"font-weight: 400;\">. Hoy en d\u00eda la mayor\u00eda de los veh\u00edculos cuentan al menos con dos cinturones de tres puntos en las plazas traseras, uno a la derecha y otro a la izquierda contiguo a las puertas. <\/span><i><span style=\"font-weight: 400;\">\u201c<\/span><\/i><b><i>Los SRI se dise\u00f1an para que se puedan anclar con el cintur\u00f3n de 3 puntos<\/i><\/b><i><span style=\"font-weight: 400;\"> y desestiman el uso del cintur\u00f3n de seguridad de dos puntos para anclar las butacas al auto<\/span><\/i><span style=\"font-weight: 400;\">\u201d, explican desde CESVI.<\/span><\/p>\n<p><span style=\"font-weight: 400;\">Pero tambi\u00e9n <\/span><b>existen dos variantes al anclaje con el cintur\u00f3n de seguridad: butacas infantiles que poseen el sistema LATCH (bajo norma americana) y el sistema ISOFIX (bajo norma europea)<\/b><span style=\"font-weight: 400;\">. Ambos sistemas de seguridad se atan a las zonas espec\u00edficas de la carrocer\u00eda dise\u00f1adas para garantizar la mejor sujeci\u00f3n de la silla al auto. Incluso es posible encontrar que el SRI posea un tercer anclaje que se denomina Top Tether para evitar que la butaca se incline hacia adelante en caso de colisi\u00f3n. \u201c<\/span><b><i>El uso de los sistemas LATCH o ISOFIX garantizan un mejor anclaje del SRI al autom\u00f3vil<\/i><\/b><i><span style=\"font-weight: 400;\"> dado a que son m\u00e1s f\u00e1ciles que instalar al sistema de retenci\u00f3n infantil con el cintur\u00f3n de seguridad<\/span><\/i><span style=\"font-weight: 400;\">\u201d, argumentan los especialistas.<\/span><\/p>\n<p>&nbsp;<\/p>\n<p><b>POSICI\u00d3N DE LA BUTACA<\/b><\/p>\n<p><span style=\"font-weight: 400;\">Por supuesto, que <\/span><b>los ni\u00f1os deben viajar siempre en el asiento trasero<\/b><span style=\"font-weight: 400;\">. Est\u00e1 totalmente prohibido hacerlo en el asiento de acompa\u00f1ante, por m\u00e1s que lo hagan con su butaca.<\/span><\/p>\n<p><span style=\"font-weight: 400;\">Aclarado este punto, <\/span><b>la posici\u00f3n de la butaca en el asiento trasero puede variar seg\u00fan su dise\u00f1o<\/b><span style=\"font-weight: 400;\">. Algunas permiten colocarlas en el asiento en ambos sentidos. <\/span><b>Hay que tener en cuenta que el ni\u00f1o o la ni\u00f1a hasta el a\u00f1o (como m\u00ednimo) debe ir en su butaca en sentido inverso la marcha<\/b><span style=\"font-weight: 400;\">.\u00a0<\/span><\/p>\n<p><span style=\"font-weight: 400;\">Fuente: CESVI Argentina<\/span><\/p>\n<p>&nbsp;<\/p>\n<div style=\"border: solid black 1px; padding: 15px; margin-bottom: 20px;\">\n<b>PARA TENER EN CUENTA<\/b><\/p>\n<p><span style=\"font-weight: 400;\">Por \u00faltimo, es importante recordar que los ni\u00f1os en distancias largas suelen aburrirse. Por lo tanto, llevar algo para leer , etc. y parar cada cierto tiempo para que puedan estirarse, tomar aire y ventilarse.<\/span><\/p>\n<\/div>\n","protected":false},"excerpt":{"rendered":"<p>En verano nos movilizamos en varios momentos en auto en familia: tomamos la ruta para irnos de vacaciones, tenemos planes para ir a disfrutar del aire libre los fines de semana\u2026 \u00a1Estamos m\u00e1s tiempo todos juntos en nuestros veh\u00edculos! Ante esta realidad es importante recordar c\u00f3mo deben viajar los menores de forma segura. \u00bfQu\u00e9 dice [&hellip;]<\/p>\n","protected":false},"author":1,"featured_media":2564,"comment_status":"open","ping_status":"open","sticky":false,"template":"","format":"standard","meta":{"_acf_changed":false,"footnotes":""},"categories":[15],"tags":[],"class_list":["post-2563","post","type-post","status-publish","format-standard","has-post-thumbnail","hentry","category-autos"],"acf":[],"_links":{"self":[{"href":"https:\/\/www.experta.com.ar\/index.php\/wp-json\/wp\/v2\/posts\/2563","targetHints":{"allow":["GET"]}}],"collection":[{"href":"https:\/\/www.experta.com.ar\/index.php\/wp-json\/wp\/v2\/posts"}],"about":[{"href":"https:\/\/www.experta.com.ar\/index.php\/wp-json\/wp\/v2\/types\/post"}],"author":[{"embeddable":true,"href":"https:\/\/www.experta.com.ar\/index.php\/wp-json\/wp\/v2\/users\/1"}],"replies":[{"embeddable":true,"href":"https:\/\/www.experta.com.ar\/index.php\/wp-json\/wp\/v2\/comments?post=2563"}],"version-history":[{"count":0,"href":"https:\/\/www.experta.com.ar\/index.php\/wp-json\/wp\/v2\/posts\/2563\/revisions"}],"wp:featuredmedia":[{"embeddable":true,"href":"https:\/\/www.experta.com.ar\/index.php\/wp-json\/wp\/v2\/media\/2564"}],"wp:attachment":[{"href":"https:\/\/www.experta.com.ar\/index.php\/wp-json\/wp\/v2\/media?parent=2563"}],"wp:term":[{"taxonomy":"category","embeddable":true,"href":"https:\/\/www.experta.com.ar\/index.php\/wp-json\/wp\/v2\/categories?post=2563"},{"taxonomy":"post_tag","embeddable":true,"href":"https:\/\/www.experta.com.ar\/index.php\/wp-json\/wp\/v2\/tags?post=2563"}],"curies":[{"name":"wp","href":"https:\/\/api.w.org\/{rel}","templated":true}]}}