{"id":2512,"date":"2021-12-13T13:20:46","date_gmt":"2021-12-13T12:20:46","guid":{"rendered":"https:\/\/www.experta.com.ar\/index.php\/2021\/12\/13\/sindrome-de-intestino-irritable\/"},"modified":"2021-12-13T13:20:46","modified_gmt":"2021-12-13T12:20:46","slug":"sindrome-de-intestino-irritable","status":"publish","type":"post","link":"https:\/\/www.experta.com.ar\/index.php\/sindrome-de-intestino-irritable\/","title":{"rendered":"S\u00cdNDROME DE INTESTINO IRRITABLE"},"content":{"rendered":"<p>En los \u00faltimos a\u00f1os escuchamos cada vez m\u00e1s que varias personas sufren de colon irritable &#8211; cuya denominaci\u00f3n m\u00e1s exacta es S\u00edndrome del Intestino Irritable (SII)-: se estima que es una afecci\u00f3n que padecen m\u00e1s de 5 millones de argentinos. <strong>Si bien se puede convivir con ella genera un gran disconfort y a la larga repercute en la calidad de vida<\/strong>. \u00bfPero qu\u00e9 es el colon irritable o s\u00edndrome del intestino irritable? \u201c<em>Es una <\/em><strong><em>patolog\u00eda del tracto digestivo de tipo funcional donde no se encuentra ning\u00fan trastorno org\u00e1nico. Est\u00e1 caracterizado por ser una afecci\u00f3n cr\u00f3nica y recurrente con ciclos de crisis sintom\u00e1ticas de dolor abdominal y disconfort relacionado con las deposiciones y otros momentos asintom\u00e1ticos<\/em><\/strong><em>. Es una patolog\u00eda que puede manifestarse en cualquier grupo etario y en cualquier edad, pero que predomina en mujeres por lo general mayores de 50 a\u00f1os o entre los 20 y 30 a\u00f1os. Presenta una prevalencia de 14 % en mujeres y 9% en hombres, con una relaci\u00f3n mujer\/hombre de casi 2\/1. Para ser diagnosticada requiere una serie de criterios bien caracterizados y estudiados, adem\u00e1s de descartar otras patolog\u00edas org\u00e1nicas\u201d, <\/em>explica Nicol\u00e1s Panigadi (MN 117734), m\u00e9dico de staff del Servicio de gastroenterolog\u00eda y endoscop\u00eda del Hospital Alem\u00e1n (HA).<\/p>\n<p>Los s\u00edntomas son m\u00faltiples e inespec\u00edficos. Van desde dolor abdominal, diarrea, constipaci\u00f3n, n\u00e1useas y distensi\u00f3n abdominal hasta s\u00edntomas extraintestinales. \u201c<em>Lo importante es <\/em><strong><em>descartar los s\u00edntomas de alarma como el sangrado intestinal, la p\u00e9rdida de peso, los v\u00f3mitos, la anemia, los antecedentes familiares de c\u00e1ncer, el cambio brusco en el h\u00e1bito evacuatorio<\/em><\/strong><em> -que puede estar dando informaci\u00f3n de otra patolog\u00eda-. Es muy importante siempre consultar con el m\u00e9dico gastroenter\u00f3logo para que pueda efectuar el diagn\u00f3stico<\/em>\u201d, argumenta el profesional.<\/p>\n<p>&nbsp;<\/p>\n<p><strong>CALIDAD DE VIDA<\/strong><\/p>\n<p>C\u00f3mo dijimos antes, es una afecci\u00f3n que altera la calidad de vida y merma en el bienestar general. Puede presentarse en cualquier persona, pero se asocia a infecciones intestinales, pacientes con trastornos psicol\u00f3gicos, emocionales y psiqui\u00e1tricos (depresi\u00f3n, ansiedad, angustia, polimialgia reum\u00e1tica, etc.). Los desencadenantes de las crisis son m\u00faltiples y van desde una comida copiosa o una simple gastroenteritis, hasta cualquier afecci\u00f3n personal, laboral o emocional. \u201c<em>Si bien es una enfermedad en donde rara vez desaparecen los s\u00edntomas de forma permanente, por lo general, <\/em><strong><em>el paciente aprende a convivir con esta afecci\u00f3n pudiendo reconocer sus desencadenantes y c\u00f3mo controlarlos<\/em><\/strong><em>. El seguimiento multidisciplinario por especialistas en la materia, el cambio en el estilo de vida, una dieta espec\u00edfica y saludable como la medicaci\u00f3n correspondiente para cada paciente son los pilares del tratamiento para poder tener una mejor calidad de vida<\/em>\u201d, concluye el especialista.<\/p>\n<p>Si sos de aquellos que sufren este tipo de s\u00edntomas es importante hacer la consulta con el m\u00e9dico para descartar cualquier otra patolog\u00eda. Una vez diagnosticado el s\u00edndrome de intestino irritable es mandatorio cambiar h\u00e1bitos de vida. \u00bfCu\u00e1les? Bajar los niveles de estr\u00e9s y ansiedad, llevar una dieta equilibrada, descansar bien, realizar actividad f\u00edsica. Todo esto ayudar\u00e1 a minimizar el <em>disconfort <\/em>y tener una mejor calidad de vida.<\/p>\n<p>&nbsp;<\/p>\n<p>Nota relacionada: <a href=\"https:\/\/www.experta.com.ar\/blogg\/intestino-el-segundo-cerebro\/\" target=\"_blank\" rel=\"noopener\">Intestino, el segundo cerebro<\/a><\/p>\n<p>&nbsp;<\/p>\n","protected":false},"excerpt":{"rendered":"<p>En los \u00faltimos a\u00f1os escuchamos cada vez m\u00e1s que varias personas sufren de colon irritable &#8211; cuya denominaci\u00f3n m\u00e1s exacta es S\u00edndrome del Intestino Irritable (SII)-: se estima que es una afecci\u00f3n que padecen m\u00e1s de 5 millones de argentinos. Si bien se puede convivir con ella genera un gran disconfort y a la larga [&hellip;]<\/p>\n","protected":false},"author":1,"featured_media":2513,"comment_status":"open","ping_status":"open","sticky":false,"template":"","format":"standard","meta":{"_acf_changed":false,"footnotes":""},"categories":[14],"tags":[],"class_list":["post-2512","post","type-post","status-publish","format-standard","has-post-thumbnail","hentry","category-calidad-de-vida"],"acf":[],"_links":{"self":[{"href":"https:\/\/www.experta.com.ar\/index.php\/wp-json\/wp\/v2\/posts\/2512","targetHints":{"allow":["GET"]}}],"collection":[{"href":"https:\/\/www.experta.com.ar\/index.php\/wp-json\/wp\/v2\/posts"}],"about":[{"href":"https:\/\/www.experta.com.ar\/index.php\/wp-json\/wp\/v2\/types\/post"}],"author":[{"embeddable":true,"href":"https:\/\/www.experta.com.ar\/index.php\/wp-json\/wp\/v2\/users\/1"}],"replies":[{"embeddable":true,"href":"https:\/\/www.experta.com.ar\/index.php\/wp-json\/wp\/v2\/comments?post=2512"}],"version-history":[{"count":0,"href":"https:\/\/www.experta.com.ar\/index.php\/wp-json\/wp\/v2\/posts\/2512\/revisions"}],"wp:featuredmedia":[{"embeddable":true,"href":"https:\/\/www.experta.com.ar\/index.php\/wp-json\/wp\/v2\/media\/2513"}],"wp:attachment":[{"href":"https:\/\/www.experta.com.ar\/index.php\/wp-json\/wp\/v2\/media?parent=2512"}],"wp:term":[{"taxonomy":"category","embeddable":true,"href":"https:\/\/www.experta.com.ar\/index.php\/wp-json\/wp\/v2\/categories?post=2512"},{"taxonomy":"post_tag","embeddable":true,"href":"https:\/\/www.experta.com.ar\/index.php\/wp-json\/wp\/v2\/tags?post=2512"}],"curies":[{"name":"wp","href":"https:\/\/api.w.org\/{rel}","templated":true}]}}