{"id":2370,"date":"2018-11-09T19:38:01","date_gmt":"2018-11-09T18:38:01","guid":{"rendered":"https:\/\/www.experta.com.ar\/index.php\/2018\/11\/09\/corre-seguro-2\/"},"modified":"2018-11-09T19:38:01","modified_gmt":"2018-11-09T18:38:01","slug":"corre-seguro-2","status":"publish","type":"post","link":"https:\/\/www.experta.com.ar\/index.php\/corre-seguro-2\/","title":{"rendered":"CORRE SEGURO"},"content":{"rendered":"<p>Experta ART presente en la 1\u00b0 edici\u00f3n de Corre Seguro<\/p>\n<p>El pasado 4 de noviembre, Experta ART acompa\u00f1\u00f3 a 100% Seguros y Estrategas en la carrera de 10 K, y dio apoyo a la iniciativa de promover un estilo de vida saludable y destacar la importancia de la Prevenci\u00f3n.<\/p>\n<p>En la 1\u00b0 edici\u00f3n de un evento que permiti\u00f3 potenciar la cultura del seguro, Experta ART fue distinguida con el primer puesto, gracias a la performance de su equipo a lo largo del recorrido, que con su victoria obtuvo una donaci\u00f3n que ser\u00e1 destinada a una instituci\u00f3n ben\u00e9fica. El equipo se encontr\u00f3 antes y despu\u00e9s de la carrera con la presencia de un preparador f\u00edsico, quien se encarg\u00f3 de la entrada en calor y la elongaci\u00f3n pre y post competencia.<\/p>\n<p>En Experta ART valoramos las oportunidades que permiten concientizar sobre la importancia de un estilo de vida saludable y promover la cultura de la prevenci\u00f3n, este evento fue una gran iniciativa. Felicitamos a todos los participantes y, en especial, al grupo de Experta quienes demostraron que trabajando en equipo, todo es posible\u201d, se\u00f1al\u00f3 Mirna Szulmajster Gerente de Comunicaciones, Marketing y RRII de Experta ART.<\/p>\n<p><a href=\"http:\/\/100seguro.com.ar\/experta-art-presente-en-la-1-edicion-de-corre-seguro\/\" target=\"_blank\" rel=\"noopener\">Le\u00e9 la nota.<\/a><\/p>\n","protected":false},"excerpt":{"rendered":"<p>Experta ART presente en la 1\u00b0 edici\u00f3n de Corre Seguro El pasado 4 de noviembre, Experta ART acompa\u00f1\u00f3 a 100% Seguros y Estrategas en la carrera de 10 K, y dio apoyo a la iniciativa de promover un estilo de vida saludable y destacar la importancia de la Prevenci\u00f3n. En la 1\u00b0 edici\u00f3n de un [&hellip;]<\/p>\n","protected":false},"author":1,"featured_media":2371,"comment_status":"open","ping_status":"open","sticky":false,"template":"","format":"standard","meta":{"_acf_changed":false,"footnotes":""},"categories":[10],"tags":[],"class_list":["post-2370","post","type-post","status-publish","format-standard","has-post-thumbnail","hentry","category-info-experta"],"acf":[],"_links":{"self":[{"href":"https:\/\/www.experta.com.ar\/index.php\/wp-json\/wp\/v2\/posts\/2370","targetHints":{"allow":["GET"]}}],"collection":[{"href":"https:\/\/www.experta.com.ar\/index.php\/wp-json\/wp\/v2\/posts"}],"about":[{"href":"https:\/\/www.experta.com.ar\/index.php\/wp-json\/wp\/v2\/types\/post"}],"author":[{"embeddable":true,"href":"https:\/\/www.experta.com.ar\/index.php\/wp-json\/wp\/v2\/users\/1"}],"replies":[{"embeddable":true,"href":"https:\/\/www.experta.com.ar\/index.php\/wp-json\/wp\/v2\/comments?post=2370"}],"version-history":[{"count":0,"href":"https:\/\/www.experta.com.ar\/index.php\/wp-json\/wp\/v2\/posts\/2370\/revisions"}],"wp:featuredmedia":[{"embeddable":true,"href":"https:\/\/www.experta.com.ar\/index.php\/wp-json\/wp\/v2\/media\/2371"}],"wp:attachment":[{"href":"https:\/\/www.experta.com.ar\/index.php\/wp-json\/wp\/v2\/media?parent=2370"}],"wp:term":[{"taxonomy":"category","embeddable":true,"href":"https:\/\/www.experta.com.ar\/index.php\/wp-json\/wp\/v2\/categories?post=2370"},{"taxonomy":"post_tag","embeddable":true,"href":"https:\/\/www.experta.com.ar\/index.php\/wp-json\/wp\/v2\/tags?post=2370"}],"curies":[{"name":"wp","href":"https:\/\/api.w.org\/{rel}","templated":true}]}}