{"id":1654,"date":"2020-04-01T17:33:18","date_gmt":"2020-04-01T15:33:18","guid":{"rendered":"https:\/\/www.experta.com.ar\/index.php\/2020\/04\/01\/resolucion-srt-no-29-2020\/"},"modified":"2020-04-01T17:33:18","modified_gmt":"2020-04-01T15:33:18","slug":"resolucion-srt-no-29-2020","status":"publish","type":"post","link":"https:\/\/www.experta.com.ar\/index.php\/resolucion-srt-no-29-2020\/","title":{"rendered":"RESOLUCI\u00d3N SRT N\u00b0 29\/2020"},"content":{"rendered":"<p>Ref: SARS-Cov-2 Recomendaciones y medidas de prevenci\u00f3n en \u00e1mbitos laborales<\/p>\n<p>De acuerdo con lo establecido por la Resoluci\u00f3n SRT N\u00ba 29\/2020 podr\u00e1n descargar el afiche informativo sobre medidas de prevenci\u00f3n en \u00e1mbitos laborales sobre SARS-Cov-2.<\/p>\n<p>Descarg\u00e1 el afiche haciendo <strong><span style=\"text-decoration: underline\"><a href=\"https:\/\/www.experta.com.ar\/marketing\/Covid-19\/Afiche-SRT-Coronavirus.pdf\" target=\"_blank\" rel=\"noopener\">click ac\u00e1<\/a><\/span><\/strong><\/p>\n<p>Asimismo, Te informamos lo determinado por el Art.5 de dicha resoluci\u00f3n:<\/p>\n<p>\u201c<strong><em>Determ\u00ednese que el modelo digital de afiche informativo, cuyo texto se aprueba en el art\u00edculo 2\u00b0, ser\u00e1 de exhibici\u00f3n obligatoria por parte de los empleadores, debiendo exponerse al menos UNO (1) por establecimiento, en lugares destacados que permitan la f\u00e1cil visualizaci\u00f3n por parte de todos los trabajadores. Los empleadores verificar\u00e1n la correcta conservaci\u00f3n de los afiches y proceder\u00e1n a su reposici\u00f3n en caso de deterioro, p\u00e9rdida o sustracci\u00f3n.<\/em><\/strong>\u201d<\/p>\n<p>Conoc\u00e9 la normativa haciendo <a href=\"http:\/\/servicios.infoleg.gob.ar\/infolegInternet\/anexos\/335000-339999\/335805\/norma.htm\" target=\"_blank\" rel=\"noopener\"><span style=\"text-decoration: underline\"><strong>click ac\u00e1<\/strong><\/span><\/a><\/p>\n<p style=\"font-weight: 400\">\n","protected":false},"excerpt":{"rendered":"<p>Ref: SARS-Cov-2 Recomendaciones y medidas de prevenci\u00f3n en \u00e1mbitos laborales De acuerdo con lo establecido por la Resoluci\u00f3n SRT N\u00ba 29\/2020 podr\u00e1n descargar el afiche informativo sobre medidas de prevenci\u00f3n en \u00e1mbitos laborales sobre SARS-Cov-2. Descarg\u00e1 el afiche haciendo click ac\u00e1 Asimismo, Te informamos lo determinado por el Art.5 de dicha resoluci\u00f3n: \u201cDeterm\u00ednese que el [&hellip;]<\/p>\n","protected":false},"author":1,"featured_media":1616,"comment_status":"open","ping_status":"open","sticky":false,"template":"","format":"standard","meta":{"_acf_changed":false,"footnotes":""},"categories":[12],"tags":[],"class_list":["post-1654","post","type-post","status-publish","format-standard","has-post-thumbnail","hentry","category-trabajo-seguro"],"acf":[],"_links":{"self":[{"href":"https:\/\/www.experta.com.ar\/index.php\/wp-json\/wp\/v2\/posts\/1654","targetHints":{"allow":["GET"]}}],"collection":[{"href":"https:\/\/www.experta.com.ar\/index.php\/wp-json\/wp\/v2\/posts"}],"about":[{"href":"https:\/\/www.experta.com.ar\/index.php\/wp-json\/wp\/v2\/types\/post"}],"author":[{"embeddable":true,"href":"https:\/\/www.experta.com.ar\/index.php\/wp-json\/wp\/v2\/users\/1"}],"replies":[{"embeddable":true,"href":"https:\/\/www.experta.com.ar\/index.php\/wp-json\/wp\/v2\/comments?post=1654"}],"version-history":[{"count":0,"href":"https:\/\/www.experta.com.ar\/index.php\/wp-json\/wp\/v2\/posts\/1654\/revisions"}],"wp:featuredmedia":[{"embeddable":true,"href":"https:\/\/www.experta.com.ar\/index.php\/wp-json\/wp\/v2\/media\/1616"}],"wp:attachment":[{"href":"https:\/\/www.experta.com.ar\/index.php\/wp-json\/wp\/v2\/media?parent=1654"}],"wp:term":[{"taxonomy":"category","embeddable":true,"href":"https:\/\/www.experta.com.ar\/index.php\/wp-json\/wp\/v2\/categories?post=1654"},{"taxonomy":"post_tag","embeddable":true,"href":"https:\/\/www.experta.com.ar\/index.php\/wp-json\/wp\/v2\/tags?post=1654"}],"curies":[{"name":"wp","href":"https:\/\/api.w.org\/{rel}","templated":true}]}}