{"id":1372,"date":"2019-06-05T10:15:48","date_gmt":"2019-06-05T08:15:48","guid":{"rendered":"https:\/\/www.experta.com.ar\/index.php\/2019\/06\/05\/pensamiento-critico-en-el-trabajo\/"},"modified":"2019-06-05T10:15:48","modified_gmt":"2019-06-05T08:15:48","slug":"pensamiento-critico-en-el-trabajo","status":"publish","type":"post","link":"https:\/\/www.experta.com.ar\/index.php\/pensamiento-critico-en-el-trabajo\/","title":{"rendered":"PENSAMIENTO CR\u00cdTICO EN EL TRABAJO"},"content":{"rendered":"<p><span style=\"font-weight: 400;\">A veces por\u00a0 \u00abel deber ser\u00bb, \u00a0o por lo impuesto por cierto tipo de educaci\u00f3n formal, o por las estructuras verticales o simplemente por el hecho de no quererle caer mal al resto, las personas perdemos y olvidamos nuestro pensamiento cr\u00edtico. Una herramienta fundamental para desenvolvernos en todos los \u00e1mbitos de la vida. Como explica Cecilia Rodr\u00edguez Casey, licenciada en Psicolog\u00eda y directora de la consultora Rodr\u00edguez Casey &amp; Asociados, el pensamiento cr\u00edtico es la capacidad que tenemos todas las personas de analizar situaciones a trav\u00e9s de la l\u00f3gica, la observaci\u00f3n y la reflexi\u00f3n, que nos permite tomar buenas decisiones y resolver de modo positivo gran parte de los inconvenientes que se nos presentan. Y en el trabajo, muchas veces, ese pensamiento cr\u00edtico queda escondido detr\u00e1s de miedos. Y no debe ser as\u00ed. <em>\u201cTener pensamiento cr\u00edtico implica animarse a ser diferente, aceptando al otro, pero tambi\u00e9n buscar nuestro espacio. Comunicar los desacuerdos con asertividad y mantener nuestra cabeza abierta a todo: a los cambios, a la diversidad cultural, a los nuevos desaf\u00edos y tambi\u00e9n a ser creativos\u201d<\/em>, explica.<\/span><\/p>\n<p><span style=\"font-weight: 400;\"> \u00a0\u00a0\u00a0\u00a0\u00a0\u00a0\u00a0\u00a0\u00a0\u00a0\u00a0Sin dudas, estamos en una era de gran acceso a la informaci\u00f3n y los est\u00edmulos, producto de internet y las tecnolog\u00edas. Y todo esto nos obliga a priorizar m\u00e1s nuevas habilidades cognitivas para poder analizar todo este flujo de informaci\u00f3n al que nos sometemos diariamente. Y es dentro de estas habilidades que el pensamiento cr\u00edtico cobra a\u00fan m\u00e1s significado. <\/span><i><span style=\"font-weight: 400;\">\u201cHoy ya no es tan trabajoso acceder a los datos, por lo que se vuelve mucho m\u00e1s relevante analizarlos, discernir lo que leemos, lo que nos dicen, contar con criterio claro y objetivo, reflexionar, usar el sentido com\u00fan para descifrar lo que es un hecho de lo que es una inferencia o datos falsos\u2026 Ser flexibles, estar atentos, observar similitudes y diferencias, validar con hechos y argumentar l\u00f3gicamente, es parte del pensamiento cr\u00edtico que nos permite no dar por cierta cualquier informaci\u00f3n que otro nos brinda o nos ense\u00f1a\u201d,<\/span><\/i><span style=\"font-weight: 400;\"> explica Casey. \u00a0Y agrega que ser pensadores cr\u00edticos es tambi\u00e9n no ser sumisos y desarrollar el propio criterio, a\u00fan a riesgo de no encajar en algunos grupos.<\/span><\/p>\n<p><strong>PIENSO, LUEGO EXISTO<\/strong><\/p>\n<p><span style=\"font-weight: 400;\">Como explicamos desarrollar y estimular nuestro pensamiento cr\u00edtico es clave en esta \u00e9poca. Para lograrlo, Casey sugiere analizar y desmenuzar la informaci\u00f3n que recibimos; buscar la s\u00edntesis; y explorar al m\u00e1ximo nuestra flexibilidad: relacionarnos con gente que piense distinto a nosotros y animarnos a debatir con argumentos racionales y no impuestos por otros. Es decir, cuestionar lo dado por hecho<\/span><i><span style=\"font-weight: 400;\">. \u201cTodo esto no siempre es sin\u00f3nimo de simpat\u00eda, e incluso en algunos ambientes el pensamiento cr\u00edtico no se estimula. Sin embargo, es el gran desaf\u00edo de la educaci\u00f3n y todo ambiente laboral que se considere actual o moderno\u201d,<\/span><\/i><span style=\"font-weight: 400;\"> argumenta.<\/span><\/p>\n<p><span style=\"font-weight: 400;\"> \u00a0\u00a0\u00a0\u00a0\u00a0\u00a0\u00a0\u00a0\u00a0\u00a0\u00a0Por \u00faltimo, Casey nos brinda 2 consejos para tener m\u00e1s pensamiento cr\u00edtico:<\/span><\/p>\n<ul>\n<li style=\"font-weight: 400;\"><span style=\"font-weight: 400;\"><strong> Desarrollar la reflexi\u00f3n.<\/strong> No reaccionar en autom\u00e1tico, sino pensar, sentir y tomarnos unos minutos para responder de la mejor manera.<\/span><\/li>\n<li style=\"font-weight: 400;\"><span style=\"font-weight: 400;\"><strong>Estar atentos a nuestros pensamientos y emociones.<\/strong> Dar lugar tanto a la intuici\u00f3n como al juicio, la l\u00f3gica, y desarrollar preguntas y cuestionamientos. Esto es indagar las fuentes de cierta informaci\u00f3n, razonar un mismo asunto desde distintos \u00e1ngulos poni\u00e9ndonos en el lugar del otro o cambiando la \u00f3ptica tan solo para explorar criterios; y sacar conclusiones basadas en evidencia y no a partir de corazonadas. Tampoco dar por cierto historias o relatos seg\u00fan el mensajero: informarnos, leer o escuchar otras fuentes, analizar y luego si sacar nuestras conclusiones de modo reflexivo y no impulsivo.<\/span><\/li>\n<\/ul>\n","protected":false},"excerpt":{"rendered":"<p>A veces por\u00a0 \u00abel deber ser\u00bb, \u00a0o por lo impuesto por cierto tipo de educaci\u00f3n formal, o por las estructuras verticales o simplemente por el hecho de no quererle caer mal al resto, las personas perdemos y olvidamos nuestro pensamiento cr\u00edtico. Una herramienta fundamental para desenvolvernos en todos los \u00e1mbitos de la vida. Como explica [&hellip;]<\/p>\n","protected":false},"author":1,"featured_media":1373,"comment_status":"open","ping_status":"open","sticky":false,"template":"","format":"standard","meta":{"_acf_changed":false,"footnotes":""},"categories":[11],"tags":[],"class_list":["post-1372","post","type-post","status-publish","format-standard","has-post-thumbnail","hentry","category-cerca-de-tu-negocio"],"acf":[],"_links":{"self":[{"href":"https:\/\/www.experta.com.ar\/index.php\/wp-json\/wp\/v2\/posts\/1372","targetHints":{"allow":["GET"]}}],"collection":[{"href":"https:\/\/www.experta.com.ar\/index.php\/wp-json\/wp\/v2\/posts"}],"about":[{"href":"https:\/\/www.experta.com.ar\/index.php\/wp-json\/wp\/v2\/types\/post"}],"author":[{"embeddable":true,"href":"https:\/\/www.experta.com.ar\/index.php\/wp-json\/wp\/v2\/users\/1"}],"replies":[{"embeddable":true,"href":"https:\/\/www.experta.com.ar\/index.php\/wp-json\/wp\/v2\/comments?post=1372"}],"version-history":[{"count":0,"href":"https:\/\/www.experta.com.ar\/index.php\/wp-json\/wp\/v2\/posts\/1372\/revisions"}],"wp:featuredmedia":[{"embeddable":true,"href":"https:\/\/www.experta.com.ar\/index.php\/wp-json\/wp\/v2\/media\/1373"}],"wp:attachment":[{"href":"https:\/\/www.experta.com.ar\/index.php\/wp-json\/wp\/v2\/media?parent=1372"}],"wp:term":[{"taxonomy":"category","embeddable":true,"href":"https:\/\/www.experta.com.ar\/index.php\/wp-json\/wp\/v2\/categories?post=1372"},{"taxonomy":"post_tag","embeddable":true,"href":"https:\/\/www.experta.com.ar\/index.php\/wp-json\/wp\/v2\/tags?post=1372"}],"curies":[{"name":"wp","href":"https:\/\/api.w.org\/{rel}","templated":true}]}}