{"id":1363,"date":"2019-06-05T10:40:16","date_gmt":"2019-06-05T08:40:16","guid":{"rendered":"https:\/\/www.experta.com.ar\/index.php\/2019\/06\/05\/viajart\/"},"modified":"2019-06-05T10:40:16","modified_gmt":"2019-06-05T08:40:16","slug":"viajart","status":"publish","type":"post","link":"https:\/\/www.experta.com.ar\/index.php\/viajart\/","title":{"rendered":"VIAJART"},"content":{"rendered":"<p><span style=\"font-weight: 400;\">Un cl\u00e1sico de <strong>Experta ART<\/strong> que contin\u00faa sorprendiendo.<\/span> <span style=\"font-weight: 400;\">Una nueva edici\u00f3n del viaje de incentivo tuvo lugar la semana pasada en las paradis\u00edacas playas de Punta Cana. Esta propuesta comenz\u00f3 en Julio del 2018 y los participantes tuvieron tiempo hasta el 1ro de abril para alcanzar la meta y ser parte de un gran viaje.<\/span><\/p>\n<p><span style=\"font-weight: 400;\">Socios estrat\u00e9gicos, acompa\u00f1ados por miembros de nuestro equipo comercial y de Marketing, disfrutaron de unos d\u00edas en un exclusivo hotel All Inclusive, en un ambiente distendido que se present\u00f3 como la oportunidad ideal para reconocer la gesti\u00f3n de todos aquellos que contribuyen todos los d\u00edas para hacer de <strong>Experta ART<\/strong> una empresa l\u00edder en su rubro.<\/span><\/p>\n<p><i><span style=\"font-weight: 400;\">\u201cPara Experta este es un a\u00f1o de crecimiento y esta experiencia, no s\u00f3lo nos permite seguir fortaleciendo v\u00ednculos con Productores y Brokers, sino tambi\u00e9n felicitarlos por su gran labor\u201d,<\/span><\/i><span style=\"font-weight: 400;\"> sostuvo Gonzalo Garc\u00eda, Gerente de \u00c1rea Comercial de <strong>Experta ART<\/strong>.<\/span><\/p>\n<p><span style=\"font-weight: 400;\">Juegos en la playa, actividades recreativas, cenas tem\u00e1ticas y entrega de premios a quienes llegaron primero, fueron algunos de los momentos compartidos. Sin duda es una forma de construir lazos y generar momentos de intercambio que nos permiten mejorar para afrontar nuevos desaf\u00edos.<\/span><\/p>\n<p>&nbsp;<\/p>\n<p><span style=\"font-weight: 400;\">Estamos planificando nuevas campa\u00f1as, preparate para ser parte.<\/span><\/p>\n","protected":false},"excerpt":{"rendered":"<p>Un cl\u00e1sico de Experta ART que contin\u00faa sorprendiendo. Una nueva edici\u00f3n del viaje de incentivo tuvo lugar la semana pasada en las paradis\u00edacas playas de Punta Cana. Esta propuesta comenz\u00f3 en Julio del 2018 y los participantes tuvieron tiempo hasta el 1ro de abril para alcanzar la meta y ser parte de un gran viaje. [&hellip;]<\/p>\n","protected":false},"author":1,"featured_media":1364,"comment_status":"open","ping_status":"open","sticky":false,"template":"","format":"standard","meta":{"_acf_changed":false,"footnotes":""},"categories":[11],"tags":[],"class_list":["post-1363","post","type-post","status-publish","format-standard","has-post-thumbnail","hentry","category-cerca-de-tu-negocio"],"acf":[],"_links":{"self":[{"href":"https:\/\/www.experta.com.ar\/index.php\/wp-json\/wp\/v2\/posts\/1363","targetHints":{"allow":["GET"]}}],"collection":[{"href":"https:\/\/www.experta.com.ar\/index.php\/wp-json\/wp\/v2\/posts"}],"about":[{"href":"https:\/\/www.experta.com.ar\/index.php\/wp-json\/wp\/v2\/types\/post"}],"author":[{"embeddable":true,"href":"https:\/\/www.experta.com.ar\/index.php\/wp-json\/wp\/v2\/users\/1"}],"replies":[{"embeddable":true,"href":"https:\/\/www.experta.com.ar\/index.php\/wp-json\/wp\/v2\/comments?post=1363"}],"version-history":[{"count":0,"href":"https:\/\/www.experta.com.ar\/index.php\/wp-json\/wp\/v2\/posts\/1363\/revisions"}],"wp:featuredmedia":[{"embeddable":true,"href":"https:\/\/www.experta.com.ar\/index.php\/wp-json\/wp\/v2\/media\/1364"}],"wp:attachment":[{"href":"https:\/\/www.experta.com.ar\/index.php\/wp-json\/wp\/v2\/media?parent=1363"}],"wp:term":[{"taxonomy":"category","embeddable":true,"href":"https:\/\/www.experta.com.ar\/index.php\/wp-json\/wp\/v2\/categories?post=1363"},{"taxonomy":"post_tag","embeddable":true,"href":"https:\/\/www.experta.com.ar\/index.php\/wp-json\/wp\/v2\/tags?post=1363"}],"curies":[{"name":"wp","href":"https:\/\/api.w.org\/{rel}","templated":true}]}}