{"id":1183,"date":"2018-12-03T23:00:08","date_gmt":"2018-12-03T22:00:08","guid":{"rendered":"https:\/\/www.experta.com.ar\/index.php\/2018\/12\/03\/ix-edicion-del-encuentro-minero\/"},"modified":"2018-12-03T23:00:08","modified_gmt":"2018-12-03T22:00:08","slug":"ix-edicion-del-encuentro-minero","status":"publish","type":"post","link":"https:\/\/www.experta.com.ar\/index.php\/ix-edicion-del-encuentro-minero\/","title":{"rendered":"IX EDICI\u00d3N DEL ENCUENTRO MINERO"},"content":{"rendered":"<p><span style=\"font-weight: 400;\">Con el intercambio de experiencias y saberes nos enriquecemos todos. Conscientes de esto, desde <strong>Experta ART<\/strong> siempre trabajamos generando espacios de encuentro con nuestros clientes<\/span><span style=\"font-weight: 400;\">. En esa l\u00ednea, desde hace 9 a\u00f1os organizamos una actividad con los profesionales de seguridad y salud ocupacional de las empresas aseguradas pertenecientes a la actividad minera, para juntos poder compartir una instancia de intercambio y capacitaci\u00f3n. Cada a\u00f1o, en la planificaci\u00f3n de eventos, el encuentro minero tiene su momento reservado a fin de la segunda mitad del a\u00f1o, y nuestros clientes ya lo esperan. \u201c<em>Planificamos las actividades en funci\u00f3n de los temas que nos parecen de inter\u00e9s para los profesionales que van a participar, la reglamentaci\u00f3n de nuevos instrumentos normativos en materia de riesgos laborales, o temas propuestos por los propios asistentes<\/em>\u201d, explica Sonia Marotto, del \u00e1rea de I&amp;D Prevenci\u00f3n y encargada de la organizaci\u00f3n del encuentro. <\/span><\/p>\n<p><span style=\"font-weight: 400;\">Este a\u00f1o, el 6 de noviembre, representantes de las \u00e1reas de higiene &amp; seguridad y de medicina laboral de todas las empresas clientas del sector minero (cuyas explotaciones mineras se encuentran en provincias como San Juan, Catamarca, Jujuy, Comodoro Rivadavia y R\u00edo Gallegos), llegaron a Buenos Aires para participar de la IX edici\u00f3n del encuentro minero. El mi\u00e9rcoles 7 se dirigieron, bien temprano junto al equipo de <strong>Experta ART<\/strong>, a San Antonio de Areco para vivir dos jornadas de capacitaci\u00f3n e intercambio. \u201c<em>A\u00f1o tras a\u00f1o tratamos de hacer actividades novedosas para los asistentes y, en esta oportunidad, nos pareci\u00f3 interesante la posibilidad de que participen en actividades pr\u00e1cticas en los simuladores que el Centro de Lucha contra Incendios y Conducci\u00f3n (CALCIC) tiene en el predio de San Antonio de Areco. Durante la primera jornada, en la refiner\u00eda que tiene el predio, realizaron tareas de extinci\u00f3n con mangas de incendio, y casa de humo. As\u00ed pudieron acceder a la experiencia de un escenario complejo con el uso de equipos aut\u00f3nomos<\/em>\u201d, detalla Marotto. \u00a0Luego, post almuerzo, fueron parte del taller \u201cNuestras relaciones y nuestros resultados\u201d, donde a trav\u00e9s de juegos, pudieron poner en pr\u00e1ctica aspectos como confianza, trabajo en equipo y toma de decisiones.<\/span><\/p>\n<p><span style=\"font-weight: 400;\">La segunda jornada estuvo reservada para la presentaci\u00f3n \u201cAusentismo laboral relacionado con psiquiatr\u00eda\u201d a cargo de la Dra. Norma Mart\u00edn, un tema por dem\u00e1s interesante que los asistentes valoraron mucho. \u00a0Finalmente, hubo espacio para que los visitantes pudieran experimentar, de la mano del laboratorio de innovaci\u00f3n tecnol\u00f3gica de <strong>Experta ART<\/strong>, una simulaci\u00f3n de tareas en espacios confinados.<\/span><\/p>\n<p><span style=\"font-weight: 400;\">\u201c<em>Estamos satisfechos con esta nueva edici\u00f3n. Fue una propuesta enriquecedora y los participantes quedaron muy bien impresionados; tanto con las actividades pr\u00e1cticas que se realizaron en el campo, como con los temas abordados en el aula por todos los facilitadores. Todos los a\u00f1os trabajamos en funci\u00f3n de las inquietudes y los intereses de los asistentes, para que esperen el encuentro y quieran participar<\/em>\u201d, concluy\u00f3 Marotto. <\/span><\/p>\n<p><span style=\"font-weight: 400;\">\u00a1Nos vemos en el encuentro 2019!<\/span><\/p>\n<blockquote><p><span style=\"font-weight: 400;\">\u00a1ASISTENTES FELICES!<\/span><\/p>\n<p><span style=\"font-weight: 400;\">Compartimos algunos de los comentarios de los participantes:<\/span><\/p>\n<ul>\n<li><span style=\"font-weight: 400;\">\u201c<em>Es la primera vez que participo y me result\u00f3 enriquecedor y muy integrador. Una alternativa buena para tratar distintos temas, como causas de ausentismo laboral<\/em>\u201d, Gabriela Ferreyra de Minera Aguilar.<\/span><\/li>\n<li><span style=\"font-weight: 400;\">\u00a0\u201c<em>Continuar con estos encuentros que aportan mucho aprendizaje<\/em>\u201d, Ariel Castro de Goldcorp.<\/span><\/li>\n<\/ul>\n<\/blockquote>\n","protected":false},"excerpt":{"rendered":"<p>Por noveno a\u00f1o consecutivo Experta ART reuni\u00f3 a los profesionales del sector minero.<\/p>\n","protected":false},"author":1,"featured_media":1184,"comment_status":"open","ping_status":"open","sticky":false,"template":"","format":"standard","meta":{"_acf_changed":false,"footnotes":""},"categories":[12],"tags":[],"class_list":["post-1183","post","type-post","status-publish","format-standard","has-post-thumbnail","hentry","category-trabajo-seguro"],"acf":[],"_links":{"self":[{"href":"https:\/\/www.experta.com.ar\/index.php\/wp-json\/wp\/v2\/posts\/1183","targetHints":{"allow":["GET"]}}],"collection":[{"href":"https:\/\/www.experta.com.ar\/index.php\/wp-json\/wp\/v2\/posts"}],"about":[{"href":"https:\/\/www.experta.com.ar\/index.php\/wp-json\/wp\/v2\/types\/post"}],"author":[{"embeddable":true,"href":"https:\/\/www.experta.com.ar\/index.php\/wp-json\/wp\/v2\/users\/1"}],"replies":[{"embeddable":true,"href":"https:\/\/www.experta.com.ar\/index.php\/wp-json\/wp\/v2\/comments?post=1183"}],"version-history":[{"count":0,"href":"https:\/\/www.experta.com.ar\/index.php\/wp-json\/wp\/v2\/posts\/1183\/revisions"}],"wp:featuredmedia":[{"embeddable":true,"href":"https:\/\/www.experta.com.ar\/index.php\/wp-json\/wp\/v2\/media\/1184"}],"wp:attachment":[{"href":"https:\/\/www.experta.com.ar\/index.php\/wp-json\/wp\/v2\/media?parent=1183"}],"wp:term":[{"taxonomy":"category","embeddable":true,"href":"https:\/\/www.experta.com.ar\/index.php\/wp-json\/wp\/v2\/categories?post=1183"},{"taxonomy":"post_tag","embeddable":true,"href":"https:\/\/www.experta.com.ar\/index.php\/wp-json\/wp\/v2\/tags?post=1183"}],"curies":[{"name":"wp","href":"https:\/\/api.w.org\/{rel}","templated":true}]}}